{"id":39853,"date":"2025-01-07T12:08:04","date_gmt":"2025-01-07T12:08:04","guid":{"rendered":"https:\/\/radiojehona.com\/?p=39853"},"modified":"2025-01-07T12:08:05","modified_gmt":"2025-01-07T12:08:05","slug":"cka-pasi-qe-siljanovska-konteston-perdorimin-e-gjuhes-shqipe-ne-provimet-per-licenca-per-edukatore","status":"publish","type":"post","link":"https:\/\/radiojehona.mk\/?p=39853","title":{"rendered":"\u00c7ka pasi q\u00eb Siljanovska konteston p\u00ebrdorimin e gjuh\u00ebs shqipe n\u00eb provimet p\u00ebr licenca p\u00ebr edukatore?"},"content":{"rendered":"\n<figure class=\"wp-block-image size-full\"><img fetchpriority=\"high\" decoding=\"async\" width=\"792\" height=\"528\" src=\"https:\/\/radiojehona.com\/wp-content\/uploads\/2025\/01\/Gordana-Siljanovska-Davkova-2-792x528-1.jpg\" alt=\"\" class=\"wp-image-39854\" srcset=\"https:\/\/radiojehona.mk\/wp-content\/uploads\/2025\/01\/Gordana-Siljanovska-Davkova-2-792x528-1.jpg 792w, https:\/\/radiojehona.mk\/wp-content\/uploads\/2025\/01\/Gordana-Siljanovska-Davkova-2-792x528-1-300x200.jpg 300w, https:\/\/radiojehona.mk\/wp-content\/uploads\/2025\/01\/Gordana-Siljanovska-Davkova-2-792x528-1-768x512.jpg 768w\" sizes=\"(max-width: 792px) 100vw, 792px\" \/><\/figure>\n\n\n\n<p>Pasi q\u00eb Presidentja Gordana Siljanovska-Davkova nuk e n\u00ebnshkroi Dekretin e Ligjit p\u00ebr Mbrojtjen e F\u00ebmij\u00ebve, Qeveria mbr\u00ebm\u00eb n\u00eb nj\u00eb deklarat\u00eb p\u00ebr MIA-n\u00eb ka b\u00ebr\u00eb t\u00eb ditur se ligji do t\u00eb p\u00ebrpunohet dhe se do t\u2019i dor\u00ebzohet Kuvendit brenda afateve ligjore.<\/p>\n\n\n\n<p>\u201cSi Qeveri, ju njoftojm\u00eb se Ligji do t\u00eb finalizohet dhe do t\u2019u prezantohet deputet\u00ebve sipas procedurave legjislative\u201d, thuhet n\u00eb p\u00ebrgjigjen e Qeveris\u00eb.<\/p>\n\n\n\n<p>Deputet\u00ebt e votuan k\u00ebt\u00eb ligj m\u00eb 24 dhjetor n\u00eb kuad\u00ebr t\u00eb seanc\u00ebs s\u00eb 27-t\u00eb plenare, me shumic\u00eb t\u00eb zakonshme dhe Badinter. Me mosn\u00ebnshkrimin e Dekretit, tashm\u00eb ndryshimet ligjore i rikthehen Kuvendit dhe n\u00ebse votohen s\u00ebrish, presidenti do t\u00eb jet\u00eb i detyruar ta n\u00ebnshkruaj\u00eb dekretin, p\u00ebrcjell INA.<\/p>\n\n\n\n<p>Siljanovska-Davkova n\u00eb sqarimin e saj ka shkruar se ndryshimet ligjore p\u00ebrmbajn\u00eb disa dispozita kontroverse dhe se pas nj\u00eb analize t\u00eb thell\u00eb dhe konsultimit me ekspert\u00eb, k\u00ebrkohet q\u00eb dispozitat e neneve 9 dhe 10 t\u00eb Projektligjit t\u00eb t\u00eb rishqyrtohet.<\/p>\n\n\n\n<p>\u201cBesoj se Kuvendi, si bart\u00ebs i autoritetit legjislativ, do t\u2019i marr\u00eb parasysh v\u00ebrejtjet dhe sugjerimet e mia me rastin e rishqyrtimit t\u00eb dispozitave t\u00eb nenit 9 dhe nenit 10 t\u00eb Ligjit p\u00ebr ndryshimin dhe plot\u00ebsimin e Ligjit p\u00ebr mbrojtjen e f\u00ebmij\u00ebve, t\u00eb cilat u miratua m\u00eb 24 dhjetor 2024 dhe do t\u00eb krijoj\u00eb zgjidhje t\u00eb qarta, t\u00eb sakta dhe t\u00eb paqarta n\u00eb p\u00ebrputhje me Kushtetut\u00ebn\u201d, thuhet n\u00eb dokument.<\/p>\n\n\n\n<p>Presidentja thekson se nenet e p\u00ebrmendura t\u00eb ligjit duhet t\u00eb rishqyrtohen n\u00eb prizmin e Amendamentit 5 t\u00eb Kushtetut\u00ebs dhe Ligjit ekzistues p\u00ebr p\u00ebrdorimin e gjuh\u00ebve.<\/p>\n\n\n\n<p>\u201cJu kujtoj se m\u00ebnyra e p\u00ebrdorimit t\u00eb gjuh\u00ebs maqedonase dhe shkrimit t\u00eb saj cirilik dhe gjuha q\u00eb flasin s\u00eb paku 20% e qytetar\u00ebve dhe shkrimi i saj tashm\u00eb jan\u00eb t\u00eb rregulluara me ligj\u201d, thuhet n\u00eb sqarim.<\/p>\n\n\n\n<p>Presidentja thekson edhe dispozit\u00ebn e nenit 182, paragrafi 5 i Ligjit p\u00ebr mbrojtjen e f\u00ebmij\u00ebve, i cili rregullon m\u00ebnyr\u00ebn e marrjes, vazhdimit dhe revokimit t\u00eb licenc\u00ebs s\u00eb pun\u00ebs, form\u00ebn dhe p\u00ebrmbajtjen e formularit t\u00eb licenc\u00ebs t\u00eb p\u00ebrcaktuar nga ministri.<\/p>\n\n\n\n<p>Mosn\u00ebnshkrimi i Dekretit \u00ebsht\u00eb p\u00ebrsh\u00ebndetur sot nga LSDM-ja opozitare dhe lideri i s\u00eb majt\u00ebs, nd\u00ebrsa me an\u00eb t\u00eb nj\u00eb komunikate ka reaguar Bashkimi Demokratik p\u00ebr Integrim, ku thuhet se kjo \u00ebsht\u00eb nj\u00eb p\u00ebrpjekje p\u00ebr t\u00eb cenuar t\u00eb drejtat e shqiptar\u00ebve.<\/p>\n","protected":false},"excerpt":{"rendered":"<p>Pasi q&euml; Presidentja Gordana Siljanovska-Davkova nuk e n&euml;nshkroi Dekretin e Ligjit p&euml;r Mbrojtjen e F&euml;mij&euml;ve, Qeveria mbr&euml;m&euml; n&euml; nj&euml; deklarat&euml; p&euml;r MIA-n&euml; ka b&euml;r&euml; t&euml; ditur se ligji do t&euml; p&euml;rpunohet dhe se do t&rsquo;i dor&euml;zohet Kuvendit brenda afateve ligjore. &ldquo;Si Qeveri, ju njoftojm&euml; se Ligji do t&euml; finalizohet dhe do t&rsquo;u prezantohet deputet&euml;ve sipas [&hellip;]<\/p>\n","protected":false},"author":2,"featured_media":39854,"comment_status":"open","ping_status":"closed","sticky":false,"template":"","format":"standard","meta":{"_monsterinsights_skip_tracking":false,"_monsterinsights_sitenote_active":false,"_monsterinsights_sitenote_note":"","_monsterinsights_sitenote_category":0,"footnotes":""},"categories":[1],"tags":[],"class_list":["post-39853","post","type-post","status-publish","format-standard","has-post-thumbnail","hentry","category-vendi"],"_links":{"self":[{"href":"https:\/\/radiojehona.mk\/index.php?rest_route=\/wp\/v2\/posts\/39853","targetHints":{"allow":["GET"]}}],"collection":[{"href":"https:\/\/radiojehona.mk\/index.php?rest_route=\/wp\/v2\/posts"}],"about":[{"href":"https:\/\/radiojehona.mk\/index.php?rest_route=\/wp\/v2\/types\/post"}],"author":[{"embeddable":true,"href":"https:\/\/radiojehona.mk\/index.php?rest_route=\/wp\/v2\/users\/2"}],"replies":[{"embeddable":true,"href":"https:\/\/radiojehona.mk\/index.php?rest_route=%2Fwp%2Fv2%2Fcomments&post=39853"}],"version-history":[{"count":2,"href":"https:\/\/radiojehona.mk\/index.php?rest_route=\/wp\/v2\/posts\/39853\/revisions"}],"predecessor-version":[{"id":39856,"href":"https:\/\/radiojehona.mk\/index.php?rest_route=\/wp\/v2\/posts\/39853\/revisions\/39856"}],"wp:featuredmedia":[{"embeddable":true,"href":"https:\/\/radiojehona.mk\/index.php?rest_route=\/wp\/v2\/media\/39854"}],"wp:attachment":[{"href":"https:\/\/radiojehona.mk\/index.php?rest_route=%2Fwp%2Fv2%2Fmedia&parent=39853"}],"wp:term":[{"taxonomy":"category","embeddable":true,"href":"https:\/\/radiojehona.mk\/index.php?rest_route=%2Fwp%2Fv2%2Fcategories&post=39853"},{"taxonomy":"post_tag","embeddable":true,"href":"https:\/\/radiojehona.mk\/index.php?rest_route=%2Fwp%2Fv2%2Ftags&post=39853"}],"curies":[{"name":"wp","href":"https:\/\/api.w.org\/{rel}","templated":true}]}}