{"id":39848,"date":"2025-01-07T12:06:16","date_gmt":"2025-01-07T12:06:16","guid":{"rendered":"https:\/\/radiojehona.com\/?p=39848"},"modified":"2025-01-07T12:06:17","modified_gmt":"2025-01-07T12:06:17","slug":"filipce-le-te-punojme-se-bashku-per-shtetin-dhe-shoqerine-per-ti-bere-ato-nje-vend-me-te-mire-per-te-jetuar","status":"publish","type":"post","link":"https:\/\/radiojehona.mk\/?p=39848","title":{"rendered":"Filip\u00e7e: Le t\u00eb punojm\u00eb s\u00eb bashku p\u00ebr shtetin dhe shoq\u00ebrin\u00eb p\u00ebr t\u2019i b\u00ebr\u00eb ato nj\u00eb vend m\u00eb t\u00eb mir\u00eb p\u00ebr t\u00eb jetuar"},"content":{"rendered":"\n<figure class=\"wp-block-image size-full\"><img fetchpriority=\"high\" decoding=\"async\" width=\"850\" height=\"478\" src=\"https:\/\/radiojehona.com\/wp-content\/uploads\/2025\/01\/auto_venko-780x4391736250302-1.png\" alt=\"\" class=\"wp-image-39849\" srcset=\"https:\/\/radiojehona.mk\/wp-content\/uploads\/2025\/01\/auto_venko-780x4391736250302-1.png 850w, https:\/\/radiojehona.mk\/wp-content\/uploads\/2025\/01\/auto_venko-780x4391736250302-1-300x169.png 300w, https:\/\/radiojehona.mk\/wp-content\/uploads\/2025\/01\/auto_venko-780x4391736250302-1-768x432.png 768w, https:\/\/radiojehona.mk\/wp-content\/uploads\/2025\/01\/auto_venko-780x4391736250302-1-800x450.png 800w\" sizes=\"(max-width: 850px) 100vw, 850px\" \/><\/figure>\n\n\n\n<p>Kryetari i LSDM-s\u00eb, Venko Filip\u00e7e sot mori pjes\u00eb n\u00eb liturgjin\u00eb solemne t\u00eb m\u00ebngjesit n\u00eb kish\u00ebn \u201cSh\u00ebn Klimenti i Ohrit\u201d n\u00eb Shkup.<\/p>\n\n\n\n<p>N\u00eb em\u00ebr t\u00eb LSDM-s\u00eb dhe n\u00eb em\u00ebr t\u00eb tij, kryetari i LSDM-s\u00eb d\u00ebrgoi urimin e Krishtlindjeve p\u00ebr t\u00eb gjith\u00eb besimtar\u00ebt ortodoks\u00eb q\u00eb festojn\u00eb lindjen e Krishtit \u2013 Krishtlindjet si dhe kreut t\u00eb Kish\u00ebs Ortodokse Maqedonase \u2013 Kryedioqez\u00ebs s\u00eb Ohrit, Kryepeshkopit t\u00eb Ohrit dhe Maqedonis\u00eb z.z. Stefen.<\/p>\n\n\n\n<p>\u201c<em>Uroj paqe n\u00eb k\u00ebto dit\u00eb festive, ashtu si\u00e7 dikton tradita n\u00eb rrethin e familjes, miqve dhe njer\u00ebzve t\u00eb dashur.<\/em><\/p>\n\n\n\n<p><em>Jetojm\u00eb n\u00eb nj\u00eb bot\u00eb q\u00eb po ndryshon n\u00eb m\u00ebnyr\u00eb shum\u00eb dinamike dhe drastike, n\u00eb shum\u00eb vende t\u00eb bot\u00ebs kemi luft\u00ebra dhe n\u00eb k\u00ebt\u00eb kuptim, uroj q\u00eb ky vit mbi t\u00eb gjitha t\u00eb jet\u00eb i qet\u00eb dhe i sigurt. Ne k\u00ebtu n\u00eb vendin ton\u00eb, n\u00eb shoq\u00ebrin\u00eb ton\u00eb multikulturore dhe shum\u00ebkomb\u00ebshe, t\u00eb ndrysh\u00ebm si\u00e7 jemi, duhet ta kuptojm\u00eb diversitetin si nj\u00eb avantazh, si nj\u00eb nga p\u00ebrfitimet e demokracis\u00eb. N\u00eb k\u00ebt\u00eb kuptim, le t\u00eb punojm\u00eb t\u00eb gjith\u00eb s\u00eb bashku p\u00ebr ta b\u00ebr\u00eb shtetin dhe shoq\u00ebrin\u00eb nj\u00eb vend m\u00eb t\u00eb mir\u00eb, m\u00eb t\u00eb qet\u00eb, m\u00eb t\u00eb drejt\u00eb dhe m\u00eb t\u00eb pasur p\u00ebr t\u00eb jetuar\u201d<\/em>, tha Filip\u00e7e.<\/p>\n","protected":false},"excerpt":{"rendered":"<p>Kryetari i LSDM-s&euml;, Venko Filip&ccedil;e sot mori pjes&euml; n&euml; liturgjin&euml; solemne t&euml; m&euml;ngjesit n&euml; kish&euml;n &ldquo;Sh&euml;n Klimenti i Ohrit&rdquo; n&euml; Shkup. N&euml; em&euml;r t&euml; LSDM-s&euml; dhe n&euml; em&euml;r t&euml; tij, kryetari i LSDM-s&euml; d&euml;rgoi urimin e Krishtlindjeve p&euml;r t&euml; gjith&euml; besimtar&euml;t ortodoks&euml; q&euml; festojn&euml; lindjen e Krishtit &ndash; Krishtlindjet si dhe kreut t&euml; Kish&euml;s Ortodokse [&hellip;]<\/p>\n","protected":false},"author":2,"featured_media":39849,"comment_status":"open","ping_status":"closed","sticky":false,"template":"","format":"standard","meta":{"_monsterinsights_skip_tracking":false,"_monsterinsights_sitenote_active":false,"_monsterinsights_sitenote_note":"","_monsterinsights_sitenote_category":0,"footnotes":""},"categories":[1],"tags":[],"class_list":["post-39848","post","type-post","status-publish","format-standard","has-post-thumbnail","hentry","category-vendi"],"_links":{"self":[{"href":"https:\/\/radiojehona.mk\/index.php?rest_route=\/wp\/v2\/posts\/39848","targetHints":{"allow":["GET"]}}],"collection":[{"href":"https:\/\/radiojehona.mk\/index.php?rest_route=\/wp\/v2\/posts"}],"about":[{"href":"https:\/\/radiojehona.mk\/index.php?rest_route=\/wp\/v2\/types\/post"}],"author":[{"embeddable":true,"href":"https:\/\/radiojehona.mk\/index.php?rest_route=\/wp\/v2\/users\/2"}],"replies":[{"embeddable":true,"href":"https:\/\/radiojehona.mk\/index.php?rest_route=%2Fwp%2Fv2%2Fcomments&post=39848"}],"version-history":[{"count":2,"href":"https:\/\/radiojehona.mk\/index.php?rest_route=\/wp\/v2\/posts\/39848\/revisions"}],"predecessor-version":[{"id":39851,"href":"https:\/\/radiojehona.mk\/index.php?rest_route=\/wp\/v2\/posts\/39848\/revisions\/39851"}],"wp:featuredmedia":[{"embeddable":true,"href":"https:\/\/radiojehona.mk\/index.php?rest_route=\/wp\/v2\/media\/39849"}],"wp:attachment":[{"href":"https:\/\/radiojehona.mk\/index.php?rest_route=%2Fwp%2Fv2%2Fmedia&parent=39848"}],"wp:term":[{"taxonomy":"category","embeddable":true,"href":"https:\/\/radiojehona.mk\/index.php?rest_route=%2Fwp%2Fv2%2Fcategories&post=39848"},{"taxonomy":"post_tag","embeddable":true,"href":"https:\/\/radiojehona.mk\/index.php?rest_route=%2Fwp%2Fv2%2Ftags&post=39848"}],"curies":[{"name":"wp","href":"https:\/\/api.w.org\/{rel}","templated":true}]}}