{"id":39840,"date":"2025-01-07T12:02:32","date_gmt":"2025-01-07T12:02:32","guid":{"rendered":"https:\/\/radiojehona.com\/?p=39840"},"modified":"2025-01-07T12:02:32","modified_gmt":"2025-01-07T12:02:32","slug":"ujesjellesi-i-likoves-arifi-jem-gati-presim-leje-nga-ministria-e-transportit","status":"publish","type":"post","link":"https:\/\/radiojehona.mk\/?p=39840","title":{"rendered":"Uj\u00ebsjell\u00ebsi i Likov\u00ebs\/ Arifi: Jem gati, presim leje nga Ministria e Transportit"},"content":{"rendered":"\n<figure class=\"wp-block-image size-large\"><img fetchpriority=\"high\" decoding=\"async\" width=\"1024\" height=\"671\" src=\"https:\/\/radiojehona.com\/wp-content\/uploads\/2025\/01\/IMG_0225-1024x671.jpeg\" alt=\"\" class=\"wp-image-39841\" srcset=\"https:\/\/radiojehona.mk\/wp-content\/uploads\/2025\/01\/IMG_0225-1024x671.jpeg 1024w, https:\/\/radiojehona.mk\/wp-content\/uploads\/2025\/01\/IMG_0225-300x197.jpeg 300w, https:\/\/radiojehona.mk\/wp-content\/uploads\/2025\/01\/IMG_0225-768x504.jpeg 768w, https:\/\/radiojehona.mk\/wp-content\/uploads\/2025\/01\/IMG_0225.jpeg 1179w\" sizes=\"(max-width: 1024px) 100vw, 1024px\" \/><\/figure>\n\n\n\n<p>Nga muaji gusht i vitit 2024 ose p\u00ebrfaf\u00ebrsisht, 5-6 muaj stacioni i filtrmit k\u00ebtu n\u00eb komun\u00ebn e Likov\u00ebs vazhdon t\u00eb jet\u00eb i mbyllur dhe t\u00eb mos i furnizoj\u00eb me uj\u00eb fshatrat p\u00ebrreth k\u00ebsaj komune, e gjith\u00eb kjo p\u00ebr shkak t\u00eb nj\u00eb p\u00eblqimi q\u00eb nuk jepet nga Ministrit\u00eb nga pushteti qendror.<\/p>\n\n\n\n<p>P\u00ebr tem\u00ebn e uj\u00ebsjell\u00ebsit biseduam edhe me kryetarin e Komun\u00ebs Erkan Arifi, ai tha se komuna ka kryer t\u00eb gjitha obligimet dhe detyrimet ligjore dhe tani pret vet\u00ebm pranim dor\u00ebzimin q\u00eb duhet t\u00eb b\u00ebhet nga Ministria e Transportit dhe ajo e Ambientit Jet\u00ebsor\u00eb.<\/p>\n\n\n\n<p>\u201cPresim q\u00eb ai objekt t\u00eb dor\u00ebzohet n\u00eb komun\u00ebn e Likov\u00ebs q\u00eb ta l\u00ebshojm\u00eb ujin n\u00eb p\u00ebrdorim dmth, kontraktues \u00ebsht\u00eb Ministria e Transportit dhe Lidhjeve dhe projektin sendimental \u00ebsht\u00eb Ministria e Ambientit Jet\u00ebsor\u00eb dhe Planifikimit Hapsinor\u00eb dhe ata dy objekte ende ne nuk i kemi n\u00eb shfryt\u00ebzim si komun\u00eb, presim q\u00eb ti marrim nj\u00eb dit\u00eb e m\u00eb heret dhe ta l\u00ebshojm\u00eb ujin n\u00eb p\u00ebrdorim\u201d \u2013 tha Erkan Arifi.<\/p>\n\n\n\n<p>P\u00ebr m\u00eb tep\u00ebr, Arifi njoftoi se Komuna e Likov\u00ebs ka themeluar edhe drejtorin\u00eb e ujrave \u201cPenda\u201d.<\/p>\n\n\n\n<p>Klan Maqedoni ka d\u00ebrguar pyetje deri tek Ministria e Transportit, megjithat\u00eb p\u00ebr shkak t\u00eb festive ende asnj\u00eb p\u00ebrgjigje.<br>Ndryshe, premtimi p\u00ebr uj\u00ebsjell\u00ebsin e Likov\u00ebs \u00ebsht\u00eb i vjet\u00ebr, megjithat\u00eb, edhe ky projekt nuk po funksionalizohet p\u00ebr shkak t\u00eb dallimeve dhe inateve politike.<\/p>\n","protected":false},"excerpt":{"rendered":"<p>Nga muaji gusht i vitit 2024 ose p&euml;rfaf&euml;rsisht, 5-6 muaj stacioni i filtrmit k&euml;tu n&euml; komun&euml;n e Likov&euml;s vazhdon t&euml; jet&euml; i mbyllur dhe t&euml; mos i furnizoj&euml; me uj&euml; fshatrat p&euml;rreth k&euml;saj komune, e gjith&euml; kjo p&euml;r shkak t&euml; nj&euml; p&euml;lqimi q&euml; nuk jepet nga Ministrit&euml; nga pushteti qendror. P&euml;r tem&euml;n e uj&euml;sjell&euml;sit biseduam [&hellip;]<\/p>\n","protected":false},"author":2,"featured_media":39841,"comment_status":"open","ping_status":"closed","sticky":false,"template":"","format":"standard","meta":{"_monsterinsights_skip_tracking":false,"_monsterinsights_sitenote_active":false,"_monsterinsights_sitenote_note":"","_monsterinsights_sitenote_category":0,"footnotes":""},"categories":[1],"tags":[],"class_list":["post-39840","post","type-post","status-publish","format-standard","has-post-thumbnail","hentry","category-vendi"],"_links":{"self":[{"href":"https:\/\/radiojehona.mk\/index.php?rest_route=\/wp\/v2\/posts\/39840","targetHints":{"allow":["GET"]}}],"collection":[{"href":"https:\/\/radiojehona.mk\/index.php?rest_route=\/wp\/v2\/posts"}],"about":[{"href":"https:\/\/radiojehona.mk\/index.php?rest_route=\/wp\/v2\/types\/post"}],"author":[{"embeddable":true,"href":"https:\/\/radiojehona.mk\/index.php?rest_route=\/wp\/v2\/users\/2"}],"replies":[{"embeddable":true,"href":"https:\/\/radiojehona.mk\/index.php?rest_route=%2Fwp%2Fv2%2Fcomments&post=39840"}],"version-history":[{"count":2,"href":"https:\/\/radiojehona.mk\/index.php?rest_route=\/wp\/v2\/posts\/39840\/revisions"}],"predecessor-version":[{"id":39843,"href":"https:\/\/radiojehona.mk\/index.php?rest_route=\/wp\/v2\/posts\/39840\/revisions\/39843"}],"wp:featuredmedia":[{"embeddable":true,"href":"https:\/\/radiojehona.mk\/index.php?rest_route=\/wp\/v2\/media\/39841"}],"wp:attachment":[{"href":"https:\/\/radiojehona.mk\/index.php?rest_route=%2Fwp%2Fv2%2Fmedia&parent=39840"}],"wp:term":[{"taxonomy":"category","embeddable":true,"href":"https:\/\/radiojehona.mk\/index.php?rest_route=%2Fwp%2Fv2%2Fcategories&post=39840"},{"taxonomy":"post_tag","embeddable":true,"href":"https:\/\/radiojehona.mk\/index.php?rest_route=%2Fwp%2Fv2%2Ftags&post=39840"}],"curies":[{"name":"wp","href":"https:\/\/api.w.org\/{rel}","templated":true}]}}