{"id":39834,"date":"2025-01-07T12:00:17","date_gmt":"2025-01-07T12:00:17","guid":{"rendered":"https:\/\/radiojehona.com\/?p=39834"},"modified":"2025-01-07T12:00:18","modified_gmt":"2025-01-07T12:00:18","slug":"taravari-zoti-nuk-mund-te-ishte-kudo-prandaj-i-krijoi-nenat","status":"publish","type":"post","link":"https:\/\/radiojehona.mk\/?p=39834","title":{"rendered":"Taravari: Zoti nuk mund t\u00eb ishte kudo, prandaj i krijoi N\u00ebnat!"},"content":{"rendered":"\n<figure class=\"wp-block-image size-large\"><img fetchpriority=\"high\" decoding=\"async\" width=\"1024\" height=\"611\" src=\"https:\/\/radiojehona.com\/wp-content\/uploads\/2025\/01\/IMG_1942-1392x831-1-1024x611.jpeg\" alt=\"\" class=\"wp-image-39835\" srcset=\"https:\/\/radiojehona.mk\/wp-content\/uploads\/2025\/01\/IMG_1942-1392x831-1-1024x611.jpeg 1024w, https:\/\/radiojehona.mk\/wp-content\/uploads\/2025\/01\/IMG_1942-1392x831-1-300x179.jpeg 300w, https:\/\/radiojehona.mk\/wp-content\/uploads\/2025\/01\/IMG_1942-1392x831-1-768x458.jpeg 768w, https:\/\/radiojehona.mk\/wp-content\/uploads\/2025\/01\/IMG_1942-1392x831-1.jpeg 1392w\" sizes=\"(max-width: 1024px) 100vw, 1024px\" \/><\/figure>\n\n\n\n<p>Lideri i Aleanc\u00ebs p\u00ebr Shqiptar\u00ebt, Arben Taravari ka uruar n\u00ebn\u00ebn e tij p\u00ebr dit\u00eblindje.<\/p>\n\n\n\n<p>\u201cZoti nuk mund t\u00eb ishte kudo, prandaj i krijoi N\u00ebnat!<br>G\u00ebzuar Dit\u00eblindjen!\u201d, ka shkruar Taravari. (INA)<\/p>\n","protected":false},"excerpt":{"rendered":"<p>Lideri i Aleanc&euml;s p&euml;r Shqiptar&euml;t, Arben Taravari ka uruar n&euml;n&euml;n e tij p&euml;r dit&euml;lindje. &ldquo;Zoti nuk mund t&euml; ishte kudo, prandaj i krijoi N&euml;nat!G&euml;zuar Dit&euml;lindjen!&rdquo;, ka shkruar Taravari. (INA)<\/p>\n","protected":false},"author":2,"featured_media":39835,"comment_status":"open","ping_status":"closed","sticky":false,"template":"","format":"standard","meta":{"_monsterinsights_skip_tracking":false,"_monsterinsights_sitenote_active":false,"_monsterinsights_sitenote_note":"","_monsterinsights_sitenote_category":0,"footnotes":""},"categories":[1],"tags":[],"class_list":["post-39834","post","type-post","status-publish","format-standard","has-post-thumbnail","hentry","category-vendi"],"_links":{"self":[{"href":"https:\/\/radiojehona.mk\/index.php?rest_route=\/wp\/v2\/posts\/39834","targetHints":{"allow":["GET"]}}],"collection":[{"href":"https:\/\/radiojehona.mk\/index.php?rest_route=\/wp\/v2\/posts"}],"about":[{"href":"https:\/\/radiojehona.mk\/index.php?rest_route=\/wp\/v2\/types\/post"}],"author":[{"embeddable":true,"href":"https:\/\/radiojehona.mk\/index.php?rest_route=\/wp\/v2\/users\/2"}],"replies":[{"embeddable":true,"href":"https:\/\/radiojehona.mk\/index.php?rest_route=%2Fwp%2Fv2%2Fcomments&post=39834"}],"version-history":[{"count":1,"href":"https:\/\/radiojehona.mk\/index.php?rest_route=\/wp\/v2\/posts\/39834\/revisions"}],"predecessor-version":[{"id":39836,"href":"https:\/\/radiojehona.mk\/index.php?rest_route=\/wp\/v2\/posts\/39834\/revisions\/39836"}],"wp:featuredmedia":[{"embeddable":true,"href":"https:\/\/radiojehona.mk\/index.php?rest_route=\/wp\/v2\/media\/39835"}],"wp:attachment":[{"href":"https:\/\/radiojehona.mk\/index.php?rest_route=%2Fwp%2Fv2%2Fmedia&parent=39834"}],"wp:term":[{"taxonomy":"category","embeddable":true,"href":"https:\/\/radiojehona.mk\/index.php?rest_route=%2Fwp%2Fv2%2Fcategories&post=39834"},{"taxonomy":"post_tag","embeddable":true,"href":"https:\/\/radiojehona.mk\/index.php?rest_route=%2Fwp%2Fv2%2Ftags&post=39834"}],"curies":[{"name":"wp","href":"https:\/\/api.w.org\/{rel}","templated":true}]}}