{"id":39831,"date":"2025-01-07T11:59:26","date_gmt":"2025-01-07T11:59:26","guid":{"rendered":"https:\/\/radiojehona.com\/?p=39831"},"modified":"2025-01-07T11:59:26","modified_gmt":"2025-01-07T11:59:26","slug":"hungarezet-me-4ig-gati-te-behen-operatori-i-trete-i-telefonise-mobile-pas-telekomit-dhe-a1","status":"publish","type":"post","link":"https:\/\/radiojehona.mk\/?p=39831","title":{"rendered":"Hungarez\u00ebt me 4iG gati t\u00eb b\u00ebhen operatori i tret\u00eb i telefonis\u00eb mobile pas Telekomit dhe A1"},"content":{"rendered":"\n<figure class=\"wp-block-image size-full\"><img fetchpriority=\"high\" decoding=\"async\" width=\"768\" height=\"498\" src=\"https:\/\/radiojehona.com\/wp-content\/uploads\/2025\/01\/4ig-operatori-hungarez.jpeg\" alt=\"\" class=\"wp-image-39832\" srcset=\"https:\/\/radiojehona.mk\/wp-content\/uploads\/2025\/01\/4ig-operatori-hungarez.jpeg 768w, https:\/\/radiojehona.mk\/wp-content\/uploads\/2025\/01\/4ig-operatori-hungarez-300x195.jpeg 300w\" sizes=\"(max-width: 768px) 100vw, 768px\" \/><\/figure>\n\n\n\n<p>Kompania hungareze e telekomunikacionit \u201c4iG\u201d pritet t\u00eb b\u00ebhet operatori i tret\u00eb mobil n\u00eb Maqedonin\u00eb e Veriut, por kjo do t\u00eb vendoset pas shpalljes s\u00eb tenderit q\u00eb pritet t\u00eb finalizohet muajt e ardhsh\u00ebm, p\u00ebrcjell INA.<\/p>\n\n\n\n<p>Nga Agjencia p\u00ebr Komunikime Elektronike (AKE) paralajm\u00ebrojn\u00eb se s\u00eb shpejti do t\u00eb hapet d\u00ebgjesa publike p\u00ebr hyrjen e operatorit t\u00eb tret\u00eb t\u00eb telefonis\u00eb mobile, q\u00eb m\u00eb pas t\u00eb vijojn\u00eb procedurat e tjera.<\/p>\n\n\n\n<p>\u201cPas letr\u00ebs s\u00eb q\u00ebllimit nga kompania 4iG p\u00ebr t\u00eb hyr\u00eb n\u00eb treg, hapi i radh\u00ebs n\u00eb p\u00ebrputhje me Ligjin p\u00ebr komunikime elektronike \u00ebsht\u00eb hapja e d\u00ebgjes\u00ebs publike n\u00eb m\u00ebnyr\u00eb q\u00eb t\u00eb gjitha pal\u00ebt e interesuara t\u00eb shprehin q\u00ebndrimin e tyre. Nga rezultati i d\u00ebgjimit publik do t\u00eb dihet n\u00ebse do t\u00eb inicohet nj\u00eb procedur\u00eb e tenderit publik apo nj\u00eb procedur\u00eb publike me tender publik\u201d, njoftuan nga AEK.<\/p>\n\n\n\n<p>Por n\u00eb tenderin q\u00eb do hapet a do jet\u00eb vet\u00ebm kompania hungareze, apo do ket\u00eb interesim edhe nga operator\u00eb tjer\u00eb.<\/p>\n\n\n\n<p>Kompania hungareze 4iG n\u00eb tetor 2024 regjistroi n\u00eb Shkup kompanin\u00eb p\u00ebrfaq\u00ebsuese \u201cOne Macedonia Telecommunications\u201d me adres\u00ebn e zyr\u00ebs avokatore \u201cMihajloski &amp; Popovska\u201d, ku bashk\u00ebthemelues \u00ebsht\u00eb avokati Aleksandar Mihajloski.<\/p>\n\n\n\n<p>\u201cPas disa blerjeve t\u00eb suksesshme n\u00eb Shqip\u00ebri dhe Mal t\u00eb Zi, 4iG Group filloi p\u00ebrgatitjet p\u00ebr t\u00eb hyr\u00eb n\u00eb tregun e Maqedonis\u00eb s\u00eb Veriut, me themelimin e filialit \u201cOne Macedonia Telecommunications\u201d. Me vendimin e Bordit t\u00eb Grupit, kompania e re do t\u00eb themelohet nga Antenna Hung\u00e1ria Zrt., pjes\u00eb e 4iG Group, n\u00eb kuad\u00ebr t\u00eb s\u00eb cil\u00ebs \u00ebsht\u00eb portofoli i telekomunikacionit t\u00eb grupit t\u00eb info-komunikimit n\u00eb Hungari dhe n\u00eb Ballkanin Per\u00ebndimor. Regjistrimi i kompanis\u00eb ka p\u00ebrfunduar dhe me themelimin e k\u00ebsaj kompanie, 4iG Group synon q\u00eb sa m\u00eb shpejt t\u00eb hyj\u00eb n\u00eb tregun e telekomunikacionit n\u00eb Maqedonin\u00eb e Veriut\u201d, thuhej n\u00eb njoftimin e k\u00ebsaj kompanie.<\/p>\n\n\n\n<p>Drejtor i p\u00ebrfaq\u00ebsis\u00eb n\u00eb Shkup figuron Tamas Tabori, i cili \u00ebsht\u00eb z\u00ebvend\u00ebsdrejtor ekzekutiv p\u00ebrgjegj\u00ebs p\u00ebr strategjin\u00eb e telekomunikacionit n\u00eb kompanin\u00eb am\u00eb hungareze.<\/p>\n\n\n\n<p>Hyrja e k\u00ebsaj kompanie u mund\u00ebsua me n\u00ebnshkrimin e Memorandumit p\u00ebr mir\u00ebkuptim dhe interesim t\u00eb nd\u00ebrsjell\u00eb t\u00eb Maqedonis\u00eb s\u00eb Veriut dhe kompanis\u00eb hungareze \u201c4IG\u201d p\u00ebr liberalizimin e rrjetit t\u00eb telekomunikacionit. Kjo marr\u00ebveshje u n\u00ebnshkrua n\u00eb shtator t\u00eb vitit t\u00eb kaluar.<\/p>\n\n\n\n<p>Z\u00ebvend\u00ebskryeministri dhe ministri i Transportit, Aleskandar Nikolovski, n\u00eb nj\u00eb deklarat\u00eb p\u00ebr media tha se zyrtarizimi i interesit p\u00ebr hyrje n\u00eb treg nga 4iG Group do t\u00eb n\u00ebnkuptoj\u00eb fundin e duopolit t\u00eb dy operator\u00ebve celular\u00eb n\u00eb vend dhe uljen e \u00e7mimeve p\u00ebr sh\u00ebrbimet celulare.<\/p>\n","protected":false},"excerpt":{"rendered":"<p>Kompania hungareze e telekomunikacionit &ldquo;4iG&rdquo; pritet t&euml; b&euml;het operatori i tret&euml; mobil n&euml; Maqedonin&euml; e Veriut, por kjo do t&euml; vendoset pas shpalljes s&euml; tenderit q&euml; pritet t&euml; finalizohet muajt e ardhsh&euml;m, p&euml;rcjell INA. Nga Agjencia p&euml;r Komunikime Elektronike (AKE) paralajm&euml;rojn&euml; se s&euml; shpejti do t&euml; hapet d&euml;gjesa publike p&euml;r hyrjen e operatorit t&euml; tret&euml; [&hellip;]<\/p>\n","protected":false},"author":2,"featured_media":39832,"comment_status":"open","ping_status":"closed","sticky":false,"template":"","format":"standard","meta":{"_monsterinsights_skip_tracking":false,"_monsterinsights_sitenote_active":false,"_monsterinsights_sitenote_note":"","_monsterinsights_sitenote_category":0,"footnotes":""},"categories":[1],"tags":[],"class_list":["post-39831","post","type-post","status-publish","format-standard","has-post-thumbnail","hentry","category-vendi"],"_links":{"self":[{"href":"https:\/\/radiojehona.mk\/index.php?rest_route=\/wp\/v2\/posts\/39831","targetHints":{"allow":["GET"]}}],"collection":[{"href":"https:\/\/radiojehona.mk\/index.php?rest_route=\/wp\/v2\/posts"}],"about":[{"href":"https:\/\/radiojehona.mk\/index.php?rest_route=\/wp\/v2\/types\/post"}],"author":[{"embeddable":true,"href":"https:\/\/radiojehona.mk\/index.php?rest_route=\/wp\/v2\/users\/2"}],"replies":[{"embeddable":true,"href":"https:\/\/radiojehona.mk\/index.php?rest_route=%2Fwp%2Fv2%2Fcomments&post=39831"}],"version-history":[{"count":1,"href":"https:\/\/radiojehona.mk\/index.php?rest_route=\/wp\/v2\/posts\/39831\/revisions"}],"predecessor-version":[{"id":39833,"href":"https:\/\/radiojehona.mk\/index.php?rest_route=\/wp\/v2\/posts\/39831\/revisions\/39833"}],"wp:featuredmedia":[{"embeddable":true,"href":"https:\/\/radiojehona.mk\/index.php?rest_route=\/wp\/v2\/media\/39832"}],"wp:attachment":[{"href":"https:\/\/radiojehona.mk\/index.php?rest_route=%2Fwp%2Fv2%2Fmedia&parent=39831"}],"wp:term":[{"taxonomy":"category","embeddable":true,"href":"https:\/\/radiojehona.mk\/index.php?rest_route=%2Fwp%2Fv2%2Fcategories&post=39831"},{"taxonomy":"post_tag","embeddable":true,"href":"https:\/\/radiojehona.mk\/index.php?rest_route=%2Fwp%2Fv2%2Ftags&post=39831"}],"curies":[{"name":"wp","href":"https:\/\/api.w.org\/{rel}","templated":true}]}}