{"id":39825,"date":"2025-01-07T11:57:55","date_gmt":"2025-01-07T11:57:55","guid":{"rendered":"https:\/\/radiojehona.com\/?p=39825"},"modified":"2025-01-07T11:57:55","modified_gmt":"2025-01-07T11:57:55","slug":"bdi-qytetaret-po-mbyten-nga-ndotja-qeveria-merret-me-politike-partiake","status":"publish","type":"post","link":"https:\/\/radiojehona.mk\/?p=39825","title":{"rendered":"BDI: Qytetar\u00ebt po mbyten nga ndotja, Qeveria merret me politik\u00eb partiake!"},"content":{"rendered":"\n<figure class=\"wp-block-image size-full\"><img fetchpriority=\"high\" decoding=\"async\" width=\"600\" height=\"360\" src=\"https:\/\/radiojehona.com\/wp-content\/uploads\/2025\/01\/BDI-1-1-600x360-1-1.jpg\" alt=\"\" class=\"wp-image-39826\" srcset=\"https:\/\/radiojehona.mk\/wp-content\/uploads\/2025\/01\/BDI-1-1-600x360-1-1.jpg 600w, https:\/\/radiojehona.mk\/wp-content\/uploads\/2025\/01\/BDI-1-1-600x360-1-1-300x180.jpg 300w\" sizes=\"(max-width: 600px) 100vw, 600px\" \/><\/figure>\n\n\n\n<p>Nga BDI p\u00ebrmes nj\u00eb kumtese kan\u00eb reaguar p\u00ebr ajrin e ndotur duke th\u00ebn\u00eb se po kalojm\u00eb Wuhanin dhe Mumbain p\u00ebr nga statistika.<\/p>\n\n\n\n<p>\u201cShkupi dhe Tetova jan\u00eb k\u00ebto dit\u00eb n\u00eb krye t\u00eb list\u00ebs s\u00eb qyteteve m\u00eb t\u00eb ndotura n\u00eb bot\u00eb, duke kaluar edhe Mumbai-n dhe Wuhan-in.<\/p>\n\n\n\n<p>Ajri \u00ebsht\u00eb i mbushur me helm, f\u00ebmij\u00ebt kan\u00eb v\u00ebshtir\u00ebsi n\u00eb frym\u00ebmarrje, t\u00eb moshuarit po p\u00ebrkeq\u00ebsohen nga s\u00ebmundjet kronike, dhe qytetar\u00ebt jan\u00eb t\u00eb detyruar t\u00eb jetojn\u00eb n\u00eb kushte t\u00eb papranueshme p\u00ebr sh\u00ebndetin e tyre.<\/p>\n\n\n\n<p>Nd\u00ebrkoh\u00eb, ministrat e paaft\u00eb dhe t\u00eb pap\u00ebrgjegjsh\u00ebm vazhdojn\u00eb t\u00eb merren me propagand\u00eb dhe justifikime boshe, duke faj\u00ebsuar qeverin\u00eb e m\u00ebparshme n\u00eb vend q\u00eb t\u00eb ofroj\u00eb zgjidhje.<\/p>\n\n\n\n<p>Nuk kan\u00eb asnj\u00eb plan, asnj\u00eb mas\u00eb konkrete, vet\u00ebm fjal\u00eb dhe arsyetime t\u00eb lodhura, nd\u00ebrsa njer\u00ebzit po mbyten nga ndotja!<\/p>\n\n\n\n<p>Fajtor\u00eb t\u00eb drejtp\u00ebrdrejt\u00eb p\u00ebr k\u00ebt\u00eb situat\u00eb jan\u00eb politikan\u00eb q\u00eb kan\u00eb tradhtuar \u00e7do fjal\u00eb dhe premtim, individ\u00eb t\u00eb refuzuar nga votuesit, por t\u00eb zgjedhur n\u00eb bodrumet e n\u00ebntok\u00ebs politike.<\/p>\n\n\n\n<p>Ata nuk p\u00ebrfaq\u00ebsojn\u00eb vullnetin e qytetar\u00ebve, por vet\u00ebm interesat e err\u00ebta q\u00eb i soll\u00ebn n\u00eb pushtet.<\/p>\n\n\n\n<p>Ndaj nuk kan\u00eb as vullnetin dhe as guximin t\u00eb p\u00ebrballen me k\u00ebt\u00eb kriz\u00eb, sepse prioriteti i tyre nuk jan\u00eb qytetar\u00ebt, por pazaret politike!<\/p>\n\n\n\n<p>BDI paralajm\u00ebron se kjo situat\u00eb \u00ebsht\u00eb e patolerueshme!<\/p>\n\n\n\n<p>K\u00ebrkojm\u00eb masa t\u00eb menj\u00ebhershme dhe efikase p\u00ebr t\u00eb mbrojtur qytetar\u00ebt, jo m\u00eb shum\u00eb justifikime.<\/p>\n\n\n\n<p>Qeveria duhet:<br>\u2022 T\u00eb miratoj\u00eb masa urgjente p\u00ebr zvog\u00eblimin ndotjes s\u00eb ajrit!<br>\u2022 T\u00eb mb\u00ebshtes\u00eb familjet dhe grupet e rrezikuara me ndihm\u00eb p\u00ebr mbrojtje nga ndotja!<br>\u2022 T\u00eb ndaloj\u00eb loj\u00ebrat politike dhe t\u00eb marr\u00eb p\u00ebrgjegj\u00ebsi p\u00ebr kriz\u00ebn e sh\u00ebndetit publik!<\/p>\n\n\n\n<p>Mjaft m\u00eb me paaft\u00ebsi dhe shp\u00ebrfillje!<\/p>\n\n\n\n<p>Qytetar\u00ebt nuk mund t\u00eb marrin frym\u00eb, nd\u00ebrsa k\u00ebta politikan\u00eb vazhdojn\u00eb t\u00eb b\u00ebjn\u00eb politik\u00eb p\u00ebr interesa t\u00eb veta!<\/p>\n\n\n\n<p>Kjo \u00ebsht\u00eb pap\u00ebrgjegj\u00ebsi me pasoja t\u00eb r\u00ebnda ndaj sh\u00ebndetit t\u00eb qytetar\u00ebve!\u201d \u2013 thon\u00eb nga BDI.<\/p>\n","protected":false},"excerpt":{"rendered":"<p>Nga BDI p&euml;rmes nj&euml; kumtese kan&euml; reaguar p&euml;r ajrin e ndotur duke th&euml;n&euml; se po kalojm&euml; Wuhanin dhe Mumbain p&euml;r nga statistika. &ldquo;Shkupi dhe Tetova jan&euml; k&euml;to dit&euml; n&euml; krye t&euml; list&euml;s s&euml; qyteteve m&euml; t&euml; ndotura n&euml; bot&euml;, duke kaluar edhe Mumbai-n dhe Wuhan-in. Ajri &euml;sht&euml; i mbushur me helm, f&euml;mij&euml;t kan&euml; v&euml;shtir&euml;si n&euml; [&hellip;]<\/p>\n","protected":false},"author":2,"featured_media":39826,"comment_status":"open","ping_status":"closed","sticky":false,"template":"","format":"standard","meta":{"_monsterinsights_skip_tracking":false,"_monsterinsights_sitenote_active":false,"_monsterinsights_sitenote_note":"","_monsterinsights_sitenote_category":0,"footnotes":""},"categories":[1],"tags":[],"class_list":["post-39825","post","type-post","status-publish","format-standard","has-post-thumbnail","hentry","category-vendi"],"_links":{"self":[{"href":"https:\/\/radiojehona.mk\/index.php?rest_route=\/wp\/v2\/posts\/39825","targetHints":{"allow":["GET"]}}],"collection":[{"href":"https:\/\/radiojehona.mk\/index.php?rest_route=\/wp\/v2\/posts"}],"about":[{"href":"https:\/\/radiojehona.mk\/index.php?rest_route=\/wp\/v2\/types\/post"}],"author":[{"embeddable":true,"href":"https:\/\/radiojehona.mk\/index.php?rest_route=\/wp\/v2\/users\/2"}],"replies":[{"embeddable":true,"href":"https:\/\/radiojehona.mk\/index.php?rest_route=%2Fwp%2Fv2%2Fcomments&post=39825"}],"version-history":[{"count":1,"href":"https:\/\/radiojehona.mk\/index.php?rest_route=\/wp\/v2\/posts\/39825\/revisions"}],"predecessor-version":[{"id":39827,"href":"https:\/\/radiojehona.mk\/index.php?rest_route=\/wp\/v2\/posts\/39825\/revisions\/39827"}],"wp:featuredmedia":[{"embeddable":true,"href":"https:\/\/radiojehona.mk\/index.php?rest_route=\/wp\/v2\/media\/39826"}],"wp:attachment":[{"href":"https:\/\/radiojehona.mk\/index.php?rest_route=%2Fwp%2Fv2%2Fmedia&parent=39825"}],"wp:term":[{"taxonomy":"category","embeddable":true,"href":"https:\/\/radiojehona.mk\/index.php?rest_route=%2Fwp%2Fv2%2Fcategories&post=39825"},{"taxonomy":"post_tag","embeddable":true,"href":"https:\/\/radiojehona.mk\/index.php?rest_route=%2Fwp%2Fv2%2Ftags&post=39825"}],"curies":[{"name":"wp","href":"https:\/\/api.w.org\/{rel}","templated":true}]}}