{"id":39822,"date":"2025-01-07T11:57:07","date_gmt":"2025-01-07T11:57:07","guid":{"rendered":"https:\/\/radiojehona.com\/?p=39822"},"modified":"2025-01-07T11:57:08","modified_gmt":"2025-01-07T11:57:08","slug":"mickoski-krishtlindjet-le-te-na-japin-force-per-te-punuar-se-bashku-per-te-miren-e-qytetareve","status":"publish","type":"post","link":"https:\/\/radiojehona.mk\/?p=39822","title":{"rendered":"Mickoski: Krishtlindjet le t\u00eb na japin forc\u00eb p\u00ebr t\u00eb punuar s\u00eb bashku p\u00ebr t\u00eb mir\u00ebn e qytetar\u00ebve"},"content":{"rendered":"\n<figure class=\"wp-block-image size-large\"><img fetchpriority=\"high\" decoding=\"async\" width=\"1024\" height=\"623\" src=\"https:\/\/radiojehona.com\/wp-content\/uploads\/2025\/01\/IMG_9529-1024x623.png\" alt=\"\" class=\"wp-image-39823\" srcset=\"https:\/\/radiojehona.mk\/wp-content\/uploads\/2025\/01\/IMG_9529-1024x623.png 1024w, https:\/\/radiojehona.mk\/wp-content\/uploads\/2025\/01\/IMG_9529-300x183.png 300w, https:\/\/radiojehona.mk\/wp-content\/uploads\/2025\/01\/IMG_9529-768x467.png 768w, https:\/\/radiojehona.mk\/wp-content\/uploads\/2025\/01\/IMG_9529.png 1331w\" sizes=\"(max-width: 1024px) 100vw, 1024px\" \/><\/figure>\n\n\n\n<p><strong>Kryeministri Hristian Mickoksi, arqipeshkvit t\u00eb Ohrit dhe Maqedonis\u00eb, z.z. Stefanit, an\u00ebtar\u00ebve t\u00eb Sinodit t\u00eb shenjt\u00eb arkierik, prift\u00ebrinjve dhe qytetar\u00ebve, n\u00eb emrin e tij personal dhe n\u00eb em\u00ebr t\u00eb Qeveris\u00eb d\u00ebrgoi urime me rastin e fest\u00ebs s\u00eb Krishtlindjes<\/strong><\/p>\n\n\n\n<p>\u201cLindja e Shp\u00ebtimtarit n\u00eb bot\u00eb \u00ebsht\u00eb simbol i dashuris\u00eb, m\u00ebshir\u00ebs dhe sakrific\u00ebss p\u00ebr t\u00eb mir\u00ebn e njer\u00ebzimit. Kjo dit\u00eb na p\u00ebrkujton vlerat e v\u00ebrteta \u2013 bessimin, shpres\u00ebn dhe dashurin\u00eb, t\u00eb cilat duhet t\u00eb na udh\u00ebheqin n\u00eb jet\u00ebn e pr\u00ebditshme. Krishlindja na b\u00ebn thirrje t\u00eb jemi solidar\u00eb, ta ndihmojm\u00eb nj\u00ebri-tjetrin dhe ta ndajm\u00eb g\u00ebzimin me t\u00eb gjith\u00eb rreth nesh\u201d, ceket n\u00eb urim.<\/p>\n\n\n\n<p>N\u00eb koh\u00eb kur sfidat jan\u00eb t\u00eb shumta, shtohet, kjo atmosfer\u00eb festive na nxit\u00eb t\u00eb mendojm\u00eb p\u00ebr bashkimin dhe unitetin, si themel m\u00eb i fuqish\u00ebm p\u00ebr nd\u00ebrtimin e s\u00eb ardhmes m\u00eb t\u00eb mir\u00eb.<\/p>\n","protected":false},"excerpt":{"rendered":"<p>Kryeministri Hristian Mickoksi, arqipeshkvit t&euml; Ohrit dhe Maqedonis&euml;, z.z. Stefanit, an&euml;tar&euml;ve t&euml; Sinodit t&euml; shenjt&euml; arkierik, prift&euml;rinjve dhe qytetar&euml;ve, n&euml; emrin e tij personal dhe n&euml; em&euml;r t&euml; Qeveris&euml; d&euml;rgoi urime me rastin e fest&euml;s s&euml; Krishtlindjes &ldquo;Lindja e Shp&euml;timtarit n&euml; bot&euml; &euml;sht&euml; simbol i dashuris&euml;, m&euml;shir&euml;s dhe sakrific&euml;ss p&euml;r t&euml; mir&euml;n e njer&euml;zimit. Kjo [&hellip;]<\/p>\n","protected":false},"author":2,"featured_media":39823,"comment_status":"open","ping_status":"closed","sticky":false,"template":"","format":"standard","meta":{"_monsterinsights_skip_tracking":false,"_monsterinsights_sitenote_active":false,"_monsterinsights_sitenote_note":"","_monsterinsights_sitenote_category":0,"footnotes":""},"categories":[1],"tags":[],"class_list":["post-39822","post","type-post","status-publish","format-standard","has-post-thumbnail","hentry","category-vendi"],"_links":{"self":[{"href":"https:\/\/radiojehona.mk\/index.php?rest_route=\/wp\/v2\/posts\/39822","targetHints":{"allow":["GET"]}}],"collection":[{"href":"https:\/\/radiojehona.mk\/index.php?rest_route=\/wp\/v2\/posts"}],"about":[{"href":"https:\/\/radiojehona.mk\/index.php?rest_route=\/wp\/v2\/types\/post"}],"author":[{"embeddable":true,"href":"https:\/\/radiojehona.mk\/index.php?rest_route=\/wp\/v2\/users\/2"}],"replies":[{"embeddable":true,"href":"https:\/\/radiojehona.mk\/index.php?rest_route=%2Fwp%2Fv2%2Fcomments&post=39822"}],"version-history":[{"count":1,"href":"https:\/\/radiojehona.mk\/index.php?rest_route=\/wp\/v2\/posts\/39822\/revisions"}],"predecessor-version":[{"id":39824,"href":"https:\/\/radiojehona.mk\/index.php?rest_route=\/wp\/v2\/posts\/39822\/revisions\/39824"}],"wp:featuredmedia":[{"embeddable":true,"href":"https:\/\/radiojehona.mk\/index.php?rest_route=\/wp\/v2\/media\/39823"}],"wp:attachment":[{"href":"https:\/\/radiojehona.mk\/index.php?rest_route=%2Fwp%2Fv2%2Fmedia&parent=39822"}],"wp:term":[{"taxonomy":"category","embeddable":true,"href":"https:\/\/radiojehona.mk\/index.php?rest_route=%2Fwp%2Fv2%2Fcategories&post=39822"},{"taxonomy":"post_tag","embeddable":true,"href":"https:\/\/radiojehona.mk\/index.php?rest_route=%2Fwp%2Fv2%2Ftags&post=39822"}],"curies":[{"name":"wp","href":"https:\/\/api.w.org\/{rel}","templated":true}]}}