{"id":39819,"date":"2025-01-07T11:20:50","date_gmt":"2025-01-07T11:20:50","guid":{"rendered":"https:\/\/radiojehona.com\/?p=39819"},"modified":"2025-01-07T11:20:51","modified_gmt":"2025-01-07T11:20:51","slug":"besimtaret-ortodokse-festojne-krishtlindjet","status":"publish","type":"post","link":"https:\/\/radiojehona.mk\/?p=39819","title":{"rendered":"Besimtar\u00ebt ortodoks\u00eb festojn\u00eb Krishtlindjet"},"content":{"rendered":"\n<figure class=\"wp-block-image size-large\"><img fetchpriority=\"high\" decoding=\"async\" width=\"1024\" height=\"700\" src=\"https:\/\/radiojehona.com\/wp-content\/uploads\/2025\/01\/IMG_0329-1024x700.jpeg\" alt=\"\" class=\"wp-image-39820\" srcset=\"https:\/\/radiojehona.mk\/wp-content\/uploads\/2025\/01\/IMG_0329-1024x700.jpeg 1024w, https:\/\/radiojehona.mk\/wp-content\/uploads\/2025\/01\/IMG_0329-300x205.jpeg 300w, https:\/\/radiojehona.mk\/wp-content\/uploads\/2025\/01\/IMG_0329-768x525.jpeg 768w, https:\/\/radiojehona.mk\/wp-content\/uploads\/2025\/01\/IMG_0329.jpeg 1125w\" sizes=\"(max-width: 1024px) 100vw, 1024px\" \/><\/figure>\n\n\n\n<p>T\u00eb krishter\u00ebt ortodoks n\u00eb vendin ton\u00eb festuan Lindjen e Krishtit. Liturgjit\u00eb u mbajt\u00ebn n\u00eb t\u00eb gjith\u00eb tempujt e Kish\u00ebs Ortodokse. Liturgjia qendrore u mbajt n\u00eb Katedralen \u201cSh\u00ebn Klimenti i Ohrit\u201d n\u00eb Shkup.<\/p>\n\n\n\n<p>Nga k\u00ebtu kryepeshkopi i Ohrit dhe Maqedonis\u00eb z.z. Stefan Stefani mbajti liturgjin\u00eb p\u00ebr Sh\u00ebn Vasilin e Madh. Me k\u00ebt\u00eb rast, kryepeshkopi n\u00eb mesazhin e tij d\u00ebrguar besimtar\u00ebve ortodoks, ka uruar paqe dhe bekim nga Zoti.<\/p>\n","protected":false},"excerpt":{"rendered":"<p>T&euml; krishter&euml;t ortodoks n&euml; vendin ton&euml; festuan Lindjen e Krishtit. Liturgjit&euml; u mbajt&euml;n n&euml; t&euml; gjith&euml; tempujt e Kish&euml;s Ortodokse. Liturgjia qendrore u mbajt n&euml; Katedralen &ldquo;Sh&euml;n Klimenti i Ohrit&rdquo; n&euml; Shkup. Nga k&euml;tu kryepeshkopi i Ohrit dhe Maqedonis&euml; z.z. Stefan Stefani mbajti liturgjin&euml; p&euml;r Sh&euml;n Vasilin e Madh. Me k&euml;t&euml; rast, kryepeshkopi n&euml; mesazhin [&hellip;]<\/p>\n","protected":false},"author":2,"featured_media":39820,"comment_status":"open","ping_status":"closed","sticky":false,"template":"","format":"standard","meta":{"_monsterinsights_skip_tracking":false,"_monsterinsights_sitenote_active":false,"_monsterinsights_sitenote_note":"","_monsterinsights_sitenote_category":0,"footnotes":""},"categories":[1],"tags":[],"class_list":["post-39819","post","type-post","status-publish","format-standard","has-post-thumbnail","hentry","category-vendi"],"_links":{"self":[{"href":"https:\/\/radiojehona.mk\/index.php?rest_route=\/wp\/v2\/posts\/39819","targetHints":{"allow":["GET"]}}],"collection":[{"href":"https:\/\/radiojehona.mk\/index.php?rest_route=\/wp\/v2\/posts"}],"about":[{"href":"https:\/\/radiojehona.mk\/index.php?rest_route=\/wp\/v2\/types\/post"}],"author":[{"embeddable":true,"href":"https:\/\/radiojehona.mk\/index.php?rest_route=\/wp\/v2\/users\/2"}],"replies":[{"embeddable":true,"href":"https:\/\/radiojehona.mk\/index.php?rest_route=%2Fwp%2Fv2%2Fcomments&post=39819"}],"version-history":[{"count":1,"href":"https:\/\/radiojehona.mk\/index.php?rest_route=\/wp\/v2\/posts\/39819\/revisions"}],"predecessor-version":[{"id":39821,"href":"https:\/\/radiojehona.mk\/index.php?rest_route=\/wp\/v2\/posts\/39819\/revisions\/39821"}],"wp:featuredmedia":[{"embeddable":true,"href":"https:\/\/radiojehona.mk\/index.php?rest_route=\/wp\/v2\/media\/39820"}],"wp:attachment":[{"href":"https:\/\/radiojehona.mk\/index.php?rest_route=%2Fwp%2Fv2%2Fmedia&parent=39819"}],"wp:term":[{"taxonomy":"category","embeddable":true,"href":"https:\/\/radiojehona.mk\/index.php?rest_route=%2Fwp%2Fv2%2Fcategories&post=39819"},{"taxonomy":"post_tag","embeddable":true,"href":"https:\/\/radiojehona.mk\/index.php?rest_route=%2Fwp%2Fv2%2Ftags&post=39819"}],"curies":[{"name":"wp","href":"https:\/\/api.w.org\/{rel}","templated":true}]}}