{"id":39816,"date":"2025-01-06T11:05:31","date_gmt":"2025-01-06T11:05:31","guid":{"rendered":"https:\/\/radiojehona.com\/?p=39816"},"modified":"2025-01-06T11:05:31","modified_gmt":"2025-01-06T11:05:31","slug":"shkupi-eshte-ende-qyteti-me-i-ndotur-ne-evrope","status":"publish","type":"post","link":"https:\/\/radiojehona.mk\/?p=39816","title":{"rendered":"Shkupi \u00ebsht\u00eb ende qyteti m\u00eb i ndotur n\u00eb Evrop\u00eb"},"content":{"rendered":"\n<figure class=\"wp-block-image size-large\"><img fetchpriority=\"high\" decoding=\"async\" width=\"1024\" height=\"689\" src=\"https:\/\/radiojehona.com\/wp-content\/uploads\/2025\/01\/IMG_0326-1024x689.jpeg\" alt=\"\" class=\"wp-image-39817\" srcset=\"https:\/\/radiojehona.mk\/wp-content\/uploads\/2025\/01\/IMG_0326-1024x689.jpeg 1024w, https:\/\/radiojehona.mk\/wp-content\/uploads\/2025\/01\/IMG_0326-300x202.jpeg 300w, https:\/\/radiojehona.mk\/wp-content\/uploads\/2025\/01\/IMG_0326-768x517.jpeg 768w, https:\/\/radiojehona.mk\/wp-content\/uploads\/2025\/01\/IMG_0326.jpeg 1125w\" sizes=\"(max-width: 1024px) 100vw, 1024px\" \/><\/figure>\n\n\n\n<p><strong>Shkupi edhe k\u00ebt\u00eb m\u00ebngjes \u00ebsht\u00eb qyteti m\u00eb i ndotur n\u00eb Evrop\u00eb, sipas t\u00eb dh\u00ebnave aktuale t\u00eb platform\u00ebs \u201cIQ Air\u201d, transmeton&nbsp;Portalb.mk.<\/strong><\/p>\n\n\n\n<p>Me Indeksin e Cil\u00ebsis\u00eb s\u00eb Ajrit prej 169, ajri n\u00eb Shkup vler\u00ebsohet si i pash\u00ebndetsh\u00ebm. Vlera e grimcave PM 2.5 \u00ebsht\u00eb 80.5 mikrogram\u00eb p\u00ebr met\u00ebr kub.<\/p>\n\n\n\n<p>P\u00ebrve\u00e7 q\u00eb \u00ebsht\u00eb qyteti m\u00eb i ndotur n\u00eb Evrop\u00eb, Shkupi sot n\u00eb m\u00ebngjes renditet edhe n\u00eb vendin e shtat\u00eb p\u00ebr nga ndotja n\u00eb bot\u00eb.<\/p>\n\n\n\n<p>P\u00ebrpara saj jan\u00eb qytetet Lahor (Pakistan), Delhi (Indi), Hanoi (Vietnam), Katmandu (Nepal), \u00c7ongqing (Kin\u00eb) dhe Dhaka (Bangladesh).<\/p>\n\n\n\n<figure class=\"wp-block-image\" id=\"attachment_88884\"><img decoding=\"async\" src=\"https:\/\/portalb.mk\/wp-content\/uploads\/2025\/01\/aerozagaduvanje-6-januari-2025-768x554-1.webp.pagespeed.ce.hwB48xEyrj.webp\" alt=\"Foto: Printscreen nga www.iqair.com (6 janar 2025 n\u00eb ora 10:08)\" class=\"wp-image-88884\"\/><figcaption class=\"wp-element-caption\">Foto: Printscreen nga www.iqair.com (6 janar 2025 n\u00eb ora 10:08)<\/figcaption><\/figure>\n\n\n\n<p>Qyteti tjet\u00ebr evropian me ndotjen m\u00eb t\u00eb madhe t\u00eb ajrit sot \u00ebsht\u00eb Prishtina (Kosov\u00eb), ku cil\u00ebsia e ajrit gjithashtu vler\u00ebsohet si e pash\u00ebndetshme, me indeks t\u00eb ndotjes prej 158. Prishtina renditet e 13-ta p\u00ebr nga ndotja n\u00eb bot\u00eb.<\/p>\n\n\n\n<p>Shkupi k\u00ebt\u00eb sezon dim\u00ebror shpesh dominon n\u00eb mesin e qyteteve m\u00eb t\u00eb ndotura n\u00eb Evrop\u00eb dhe n\u00eb bot\u00eb, sipas \u201cIQ Air\u201d.<\/p>\n\n\n\n<p>N\u00eb dhjetor, n\u00eb kryeqytet u mbajt\u00ebn dy&nbsp;protesta&nbsp;kund\u00ebr ndotjes s\u00eb ajrit. Qytetar\u00ebt k\u00ebrkuan qasje urgjente, sistematike ndaj ndotjes s\u00eb ajrit, p\u00ebrmes zbatimit t\u00eb masave efikase q\u00eb do t\u00eb mbrojn\u00eb sh\u00ebndetin e qytetar\u00ebve.<\/p>\n\n\n\n<p>Sipas raportit t\u00eb UNICEF-it, n\u00eb Maqedonin\u00eb e Veriut,&nbsp;vdekjet e t\u00eb porsalindurve nga ndotja e ajrit jan\u00eb 11,6 p\u00ebrqind&nbsp;ose 1 n\u00eb 9 vdekje t\u00eb f\u00ebmij\u00ebve n\u00ebn mosh\u00ebn nj\u00ebvje\u00e7are.<\/p>\n\n\n\n<p>Sipas&nbsp;raportit t\u00eb vitit 2023&nbsp;t\u00eb Institutit p\u00ebr Sh\u00ebndet Publik t\u00eb RMV-s\u00eb,&nbsp;pothuajse 18 p\u00ebrqind e mortalitetit t\u00eb p\u00ebrgjithsh\u00ebm n\u00eb Maqedonin\u00eb e Veriut mund t\u2019i atribuohet ekspozimit ndaj p\u00ebrqendrimeve aktuale&nbsp;t\u00eb grimcave PM-2.5.<\/p>\n\n\n\n<figure class=\"wp-block-image\"><img decoding=\"async\" src=\"https:\/\/adserver.piksel.mk\/www\/delivery\/lg.php?bannerid=0&amp;campaignid=0&amp;zoneid=1124&amp;loc=https%3A%2F%2Falmakos.com%2Fshkupi-eshte-ende-qyteti-me-i-ndotur-ne-evrope%2F&amp;referer=https%3A%2F%2Ffax.al%2F&amp;cb=151e6382d7\" alt=\"\"\/><\/figure>\n","protected":false},"excerpt":{"rendered":"<p>Shkupi edhe k&euml;t&euml; m&euml;ngjes &euml;sht&euml; qyteti m&euml; i ndotur n&euml; Evrop&euml;, sipas t&euml; dh&euml;nave aktuale t&euml; platform&euml;s &ldquo;IQ Air&rdquo;, transmeton&nbsp;Portalb.mk. Me Indeksin e Cil&euml;sis&euml; s&euml; Ajrit prej 169, ajri n&euml; Shkup vler&euml;sohet si i pash&euml;ndetsh&euml;m. Vlera e grimcave PM 2.5 &euml;sht&euml; 80.5 mikrogram&euml; p&euml;r met&euml;r kub. P&euml;rve&ccedil; q&euml; &euml;sht&euml; qyteti m&euml; i ndotur n&euml; Evrop&euml;, [&hellip;]<\/p>\n","protected":false},"author":2,"featured_media":39817,"comment_status":"open","ping_status":"closed","sticky":false,"template":"","format":"standard","meta":{"_monsterinsights_skip_tracking":false,"_monsterinsights_sitenote_active":false,"_monsterinsights_sitenote_note":"","_monsterinsights_sitenote_category":0,"footnotes":""},"categories":[1],"tags":[],"class_list":["post-39816","post","type-post","status-publish","format-standard","has-post-thumbnail","hentry","category-vendi"],"_links":{"self":[{"href":"https:\/\/radiojehona.mk\/index.php?rest_route=\/wp\/v2\/posts\/39816","targetHints":{"allow":["GET"]}}],"collection":[{"href":"https:\/\/radiojehona.mk\/index.php?rest_route=\/wp\/v2\/posts"}],"about":[{"href":"https:\/\/radiojehona.mk\/index.php?rest_route=\/wp\/v2\/types\/post"}],"author":[{"embeddable":true,"href":"https:\/\/radiojehona.mk\/index.php?rest_route=\/wp\/v2\/users\/2"}],"replies":[{"embeddable":true,"href":"https:\/\/radiojehona.mk\/index.php?rest_route=%2Fwp%2Fv2%2Fcomments&post=39816"}],"version-history":[{"count":1,"href":"https:\/\/radiojehona.mk\/index.php?rest_route=\/wp\/v2\/posts\/39816\/revisions"}],"predecessor-version":[{"id":39818,"href":"https:\/\/radiojehona.mk\/index.php?rest_route=\/wp\/v2\/posts\/39816\/revisions\/39818"}],"wp:featuredmedia":[{"embeddable":true,"href":"https:\/\/radiojehona.mk\/index.php?rest_route=\/wp\/v2\/media\/39817"}],"wp:attachment":[{"href":"https:\/\/radiojehona.mk\/index.php?rest_route=%2Fwp%2Fv2%2Fmedia&parent=39816"}],"wp:term":[{"taxonomy":"category","embeddable":true,"href":"https:\/\/radiojehona.mk\/index.php?rest_route=%2Fwp%2Fv2%2Fcategories&post=39816"},{"taxonomy":"post_tag","embeddable":true,"href":"https:\/\/radiojehona.mk\/index.php?rest_route=%2Fwp%2Fv2%2Ftags&post=39816"}],"curies":[{"name":"wp","href":"https:\/\/api.w.org\/{rel}","templated":true}]}}