{"id":39812,"date":"2025-01-06T11:02:56","date_gmt":"2025-01-06T11:02:56","guid":{"rendered":"https:\/\/radiojehona.com\/?p=39812"},"modified":"2025-01-06T11:02:56","modified_gmt":"2025-01-06T11:02:56","slug":"qeveria-e-rmv-se-pasi-presidentja-refuzoi-ta-nenshkruaje-ligji-per-mbrojtjen-e-femijeve-do-te-perpunohet-dhe-do-te-dorezohet-ne-kuvend","status":"publish","type":"post","link":"https:\/\/radiojehona.mk\/?p=39812","title":{"rendered":"Qeveria e RMV-s\u00eb pasi presidentja refuzoi ta n\u00ebnshkruaj\u00eb: Ligji p\u00ebr Mbrojtjen e F\u00ebmij\u00ebve do t\u00eb p\u00ebrpunohet dhe do t\u00eb dor\u00ebzohet n\u00eb Kuvend"},"content":{"rendered":"\n<figure class=\"wp-block-image size-large\"><img fetchpriority=\"high\" decoding=\"async\" width=\"1024\" height=\"661\" src=\"https:\/\/radiojehona.com\/wp-content\/uploads\/2025\/01\/IMG_0325-1024x661.jpeg\" alt=\"\" class=\"wp-image-39813\" srcset=\"https:\/\/radiojehona.mk\/wp-content\/uploads\/2025\/01\/IMG_0325-1024x661.jpeg 1024w, https:\/\/radiojehona.mk\/wp-content\/uploads\/2025\/01\/IMG_0325-300x194.jpeg 300w, https:\/\/radiojehona.mk\/wp-content\/uploads\/2025\/01\/IMG_0325-768x496.jpeg 768w, https:\/\/radiojehona.mk\/wp-content\/uploads\/2025\/01\/IMG_0325.jpeg 1125w\" sizes=\"(max-width: 1024px) 100vw, 1024px\" \/><\/figure>\n\n\n\n<p>Ligji p\u00ebr mbrojtjen e f\u00ebmij\u00ebve do t\u00eb p\u00ebrpunohet dhe do t\u2019i dor\u00ebzohet Kuvendit, than\u00eb p\u00ebr\u00a0MIA-n nga Qeveria, pasi presidentja Gordana Siljanovska-Davkova refuzoi ta n\u00ebnshkruaj\u00eb dekretin, transmeton\u00a0Portalb.mk.<\/p>\n\n\n\n<p>Nga Qeveria shkurt kan\u00eb th\u00ebn\u00eb se procedura do t\u00eb zhvillohet n\u00eb p\u00ebrputhje me afatet ligjore.<\/p>\n\n\n\n<p><em>\u201cSi Qeveri, informojm\u00eb se ligji do t\u00eb p\u00ebrpunohet dhe do t\u2019u prezantohet deputet\u00ebve n\u00eb p\u00ebrputhje me procedurat ligjore<\/em>\u201d, kan\u00eb deklararuar nga Qeveria.<\/p>\n\n\n\n<p>Presidentja Gordana Siljanovska-Davkova m\u00eb 31 dhjetor 2024 i ka d\u00ebrguar njoftim kryetarit t\u00eb Kuvendit, Afrim Gashi se nuk do ta n\u00ebnshkruaj\u00eb dekretin p\u00ebr Ligjit p\u00ebr Mbrojtjen e F\u00ebmij\u00ebve, pasi sipas saj, amendamentet e votuara p\u00ebrmbajn\u00eb disa dispozita kontroverse. Kjo i referohet amendamenteve p\u00ebr licencat n\u00eb dy gjuh\u00eb.<\/p>\n\n\n\n<p>Presidentja ka k\u00ebrkuar rishikimin e dispozitave t\u00eb neneve 9 dhe 10 t\u00eb projektligjit. Siljanovska Davkova tha se nenet e parashikuara t\u00eb ligjit duhet t\u00eb rishqyrtohen n\u00eb prizmin e amendamentit 5 t\u00eb Kushtetut\u00ebs dhe ligjit ekzistues p\u00ebr p\u00ebrdorimin e gjuh\u00ebve.&nbsp;<\/p>\n\n\n\n<p><em>\u201cD\u00ebshiroj t\u2019ju rikujtoj se m\u00ebnyra e p\u00ebrdorimit t\u00eb gjuh\u00ebs maqedonase dhe shkrimit t\u00eb saj cirilik, dhe gjuha q\u00eb flasin s\u00eb paku 20% e qytetar\u00ebve dhe shkrimi i saj tashm\u00eb jan\u00eb t\u00eb rregulluara me ligj\u201d,<\/em>&nbsp;thuhet n\u00eb sqarimin e Siljanovsk\u00ebs.<\/p>\n\n\n\n<p>Siljanovska-Davkova thekson edhe dispozit\u00ebn e nenit 182, paragrafi 5 i Ligjit p\u00ebr Mbrojtjen e F\u00ebmij\u00ebve, me t\u00eb cilin rregullohet m\u00ebnyra e marrjes, vazhdimit dhe revokimit t\u00eb licenc\u00ebs p\u00ebr pun\u00eb, form\u00ebn dhe p\u00ebrmbajtjen e formularit t\u00eb licenc\u00ebs, t\u00eb cilat i p\u00ebrcakton ministri.&nbsp;<\/p>\n\n\n\n<p><em>\u201cBesoj se Kuvendi, si bart\u00ebs i pushtetit legjislativ, do t\u2019i ket\u00eb parasysh v\u00ebrejtjet dhe sugjerimet e mia gjat\u00eb shqyrtimit t\u00eb dispozitave t\u00eb nenit 9 dhe nenit 10 t\u00eb Ligjit p\u00ebr ndryshimin e ligjit p\u00ebr mbrojtjen e f\u00ebmij\u00ebve, t\u00eb cilin e miratoi m\u00eb 24 dhjetor 2024 dhe do t\u00eb krijoj\u00eb zgjidhje t\u00eb qarta n\u00eb p\u00ebrputhje me Kushtetut\u00ebn\u201d,<\/em>&nbsp;thuhet n\u00eb sqarim.&nbsp;<\/p>\n\n\n\n<p>Aleksandar Nikolloski nga VMRO-DPMNE nj\u00ebherit edhe minist\u00ebr i Transportit n\u00eb nj\u00eb dalje n\u00eb televizionin&nbsp;Sitell&nbsp;tha se e respektojn\u00eb q\u00ebndrimin e presidentes.<\/p>\n\n\n\n<p>Sipas Nikolloskit, Qeveria \u00ebsht\u00eb e gatshme q\u00eb ta p\u00ebrpunoj\u00eb Ligjin p\u00ebr Mbrojtjen e F\u00ebmij\u00ebve, pasi t\u00eb shqyrtohen v\u00ebrejtjet e presidentes<\/p>\n\n\n\n<p><em>\u201cDo t\u00eb prisnim t\u00eb shihnim shpjegimin e saj sepse kur presidenti kthen nj\u00eb ligj t\u00eb caktuar n\u00eb Kuvend, jep shpjegim se n\u00eb cil\u00ebn pjes\u00eb nuk pajtohet me ligjin. Dhe ne jemi t\u00eb gatsh\u00ebm ta p\u00ebrpunojm\u00eb ligjin n\u00eb p\u00ebrputhje me shpjegimin dhe sugjerimet e saj, n\u00eb m\u00ebnyr\u00eb q\u00eb kur t\u00eb kemi shpjegimin dhe sugjerimet, t\u00eb jemi gati q\u00eb ky ligj t\u00eb kthehet n\u00eb qeveri dhe m\u00eb pas n\u00eb procedur\u00eb parlamentare. T\u00eb p\u00ebrpunohet n\u00eb p\u00ebrputhje me rekomandimet dhe n\u00eb p\u00ebrputhje me Kushtetut\u00ebn, si dhe t\u00eb kemi nj\u00eb ligj q\u00eb do t\u00eb plot\u00ebsoj\u00eb kriteret kushtetuese, sepse jam i bindur se presidentja \u00ebsht\u00eb udh\u00ebhequr nga Kushtetuta kur e ka marr\u00eb k\u00ebt\u00eb vendim\u201d,<\/em>tha Nikolloski.<\/p>\n\n\n\n<p>LSDM-ja ka k\u00ebrkuar nga Qeveria q\u00eb t\u00eb heq\u00eb dor\u00eb t\u00ebr\u00ebsisht nga ndryshimet n\u00eb Ligjin kontrovers p\u00ebr mbrojtjen e f\u00ebmij\u00ebve.&nbsp;<\/p>\n\n\n\n<p><em>\u00a0\u201cE mir\u00ebpresim mosn\u00ebnshkrimin e dekretit nga presidentja e vendit, Gordana Siljanovska Davkova, me t\u00eb cilin u hap kjo mund\u00ebsi, dhe k\u00ebrkojm\u00eb q\u00eb qeveria t\u00eb t\u00ebrhiqet nga synimet e saj p\u00ebr shkak t\u00eb dispozitave kontradiktore q\u00eb p\u00ebrmban. Neni 9 dhe neni 10 i Projektligjit p\u00ebr ndryshime t\u00eb propozuara nga Qeveria n\u00ebnkuptojn\u00eb futjen e licencave dygjuh\u00ebshe n\u00eb fush\u00ebn e mbrojtjes s\u00eb f\u00ebmij\u00ebve. \u00cbsht\u00eb e diskutueshme q\u00eb ky segment rregullohet me nj\u00eb ligj tjet\u00ebr q\u00eb rregullon p\u00ebrdorimin e gjuh\u00ebve, si dhe me Kushtetut\u00ebn e vendit\u201d<\/em>, than\u00eb nga LSDM.\u00a0<br>Nga ana tjet\u00ebr BDI-ja mosn\u00ebnshkrimin e dekretit nga presidentja e kan\u00eb konsideruar&nbsp;si&nbsp;sulm i hapur ndaj gjuh\u00ebs shqipe dhe nj\u00eb p\u00ebrpjekje p\u00ebr t\u00eb minuar t\u00eb drejtat e shqiptar\u00ebve n\u00eb Maqedonin\u00eb e Veriut.&nbsp;<\/p>\n\n\n\n<p><em>\u201cKy nuk \u00ebsht\u00eb nj\u00eb veprim i izoluar, por nj\u00eb strategji qart\u00ebsisht e koordinuar. Fillimisht, lideri i vlen-it, Afrim Gashi, doli me nj\u00eb deklarat\u00eb p\u00ebr t\u00eb p\u00ebrgatitur opinionin kund\u00ebr gjuh\u00ebs shqipe dhe p\u00ebr t\u00eb krijuar nj\u00eb alibi p\u00ebr k\u00ebt\u00eb l\u00ebvizje, e menj\u00ebher\u00eb pas k\u00ebsaj, nacionalizmi i t\u00ebrbuar antishqiptar u aktivizuan p\u00ebr t\u00eb mohuar dhe sulmuar gjith\u00e7ka shqiptare. Ky \u00ebsht\u00eb nj\u00eb agresion kund\u00ebr shqiptar\u00ebve ku VLEN po merr me vet\u00ebdije rolin e bashk\u00ebpun\u00ebtorit. Presidentja dhe kjo qeveri duhet ta din\u00eb nj\u00eb gj\u00eb: Shqiptar\u00ebt nuk do t\u00eb lejojn\u00eb t\u00eb fshihen. Gjuha jon\u00eb \u00ebsht\u00eb dinjiteti, identiteti dhe e ardhmja jon\u00eb \u2013 dhe ne do ta mbrojm\u00eb me \u00e7do kusht\u201d,<\/em>&nbsp;than\u00eb nga BDI.&nbsp;<\/p>\n\n\n\n<p>Kan\u00eb reaguar edhe nga Aleanca p\u00ebr Shqiptar\u00ebt e Ziadin Sel\u00ebs, ata thon\u00eb se li\u00e7encat n\u00eb gjuh\u00ebn shqipe i bllokon Siljanovska e Vlenit, me porosi t\u00eb Qeveris\u00eb.&nbsp;<\/p>\n\n\n\n<p><em>\u201cKy veprim \u00ebsht\u00eb kryek\u00ebput i Qeveris\u00eb, por vet\u00ebm se realizohet p\u00ebrmes presidentes, ashtu si edhe vendime t\u00eb tjera q\u00eb jan\u00eb realizuar her\u00eb p\u00ebrmes Gjykat\u00ebs Kushtetuese e her\u00eb p\u00ebrmes institucioneve t\u00eb tjera. Ky rast nxori n\u00eb pah jo vet\u00ebm paaft\u00ebsin\u00eb, por edhe hipokrizin\u00eb e Vlenit, t\u00eb cil\u00ebt n\u00eb zgjedhjet e fundit presidenciale u mobilizuan q\u00eb t\u2019i sigurojn\u00eb cenzusin presidentes, duke e arsyetuar me marr\u00ebveshjen p\u00ebr qeverisjen jolegjitime q\u00eb kishin arritur me mandatarin Hristijan Mickoski\u201d<\/em>, than\u00eb nga Aleanca p\u00ebr Shqiptar\u00ebt.\u00a0<br>Nga VLEN nuk ka pasur ndonj\u00eb reagim zyrtar p\u00ebr k\u00ebt\u00eb rast.<\/p>\n\n\n\n<p>Sipas Ligjit p\u00ebr Kuvendin, n\u00ebse presidentja vendos mos t\u00eb n\u00ebnshkruaj\u00eb dekretin p\u00ebr shpalljen e ligjit, Kuvendi e rishqyrton ligjin n\u00eb p\u00ebrputhje me Rregulloren e Pun\u00ebs, brenda 30 dit\u00ebve nga data e miratimit t\u00eb tij. Gjat\u00eb rishqyrtimit t\u00eb ligjit, amendamentet mund t\u00eb sillen vet\u00ebm n\u00eb lidhje me n\u00ebnshkrimin e presidentit t\u00eb shtetit.&nbsp;<\/p>\n\n\n\n<p>N\u00ebse gjat\u00eb rishqyrtimit Kuvendi e miraton ligjin me s\u00eb paku 61 vota, kryetarja Siljanovska-Davkova \u00ebsht\u00eb e obliguar ta n\u00ebnshkruaj\u00eb dekretin p\u00ebr shpalljen e tij.&nbsp;<\/p>\n\n\n\n<figure class=\"wp-block-image\"><img decoding=\"async\" src=\"https:\/\/ads.botasot.info\/delivery\/lg.php?bannerid=0&amp;campaignid=0&amp;zoneid=164&amp;loc=https%3A%2F%2Fwww.botasot.info%2Fmaqedonia%2F2282694%2Fqeveria-e-rmv-se-pasi-presidentja-refuzoi-ta-nenshkruaje-ligji-per-mbrojtjen-e-femijeve-do-te-perpunohet-dhe-do-te-dorezohet-ne-kuvend%2F&amp;referer=https%3A%2F%2Ffax.al%2F&amp;cb=b51c32e29c\" alt=\"\"\/><\/figure>\n\n\n\n<p>Kujtojm\u00eb se ndryshimet n\u00eb Ligjin p\u00ebr Mbrojtjen e F\u00ebmij\u00ebve u miratuan m\u00eb 24 dhjetor ku p\u00ebr k\u00ebt\u00eb ligj votuan 63 deputet\u00eb.&nbsp;<\/p>\n","protected":false},"excerpt":{"rendered":"<p>Ligji p&euml;r mbrojtjen e f&euml;mij&euml;ve do t&euml; p&euml;rpunohet dhe do t&rsquo;i dor&euml;zohet Kuvendit, than&euml; p&euml;r&nbsp;MIA-n nga Qeveria, pasi presidentja Gordana Siljanovska-Davkova refuzoi ta n&euml;nshkruaj&euml; dekretin, transmeton&nbsp;Portalb.mk. Nga Qeveria shkurt kan&euml; th&euml;n&euml; se procedura do t&euml; zhvillohet n&euml; p&euml;rputhje me afatet ligjore. &ldquo;Si Qeveri, informojm&euml; se ligji do t&euml; p&euml;rpunohet dhe do t&rsquo;u prezantohet deputet&euml;ve n&euml; [&hellip;]<\/p>\n","protected":false},"author":2,"featured_media":39813,"comment_status":"open","ping_status":"closed","sticky":false,"template":"","format":"standard","meta":{"_monsterinsights_skip_tracking":false,"_monsterinsights_sitenote_active":false,"_monsterinsights_sitenote_note":"","_monsterinsights_sitenote_category":0,"footnotes":""},"categories":[1],"tags":[],"class_list":["post-39812","post","type-post","status-publish","format-standard","has-post-thumbnail","hentry","category-vendi"],"_links":{"self":[{"href":"https:\/\/radiojehona.mk\/index.php?rest_route=\/wp\/v2\/posts\/39812","targetHints":{"allow":["GET"]}}],"collection":[{"href":"https:\/\/radiojehona.mk\/index.php?rest_route=\/wp\/v2\/posts"}],"about":[{"href":"https:\/\/radiojehona.mk\/index.php?rest_route=\/wp\/v2\/types\/post"}],"author":[{"embeddable":true,"href":"https:\/\/radiojehona.mk\/index.php?rest_route=\/wp\/v2\/users\/2"}],"replies":[{"embeddable":true,"href":"https:\/\/radiojehona.mk\/index.php?rest_route=%2Fwp%2Fv2%2Fcomments&post=39812"}],"version-history":[{"count":2,"href":"https:\/\/radiojehona.mk\/index.php?rest_route=\/wp\/v2\/posts\/39812\/revisions"}],"predecessor-version":[{"id":39815,"href":"https:\/\/radiojehona.mk\/index.php?rest_route=\/wp\/v2\/posts\/39812\/revisions\/39815"}],"wp:featuredmedia":[{"embeddable":true,"href":"https:\/\/radiojehona.mk\/index.php?rest_route=\/wp\/v2\/media\/39813"}],"wp:attachment":[{"href":"https:\/\/radiojehona.mk\/index.php?rest_route=%2Fwp%2Fv2%2Fmedia&parent=39812"}],"wp:term":[{"taxonomy":"category","embeddable":true,"href":"https:\/\/radiojehona.mk\/index.php?rest_route=%2Fwp%2Fv2%2Fcategories&post=39812"},{"taxonomy":"post_tag","embeddable":true,"href":"https:\/\/radiojehona.mk\/index.php?rest_route=%2Fwp%2Fv2%2Ftags&post=39812"}],"curies":[{"name":"wp","href":"https:\/\/api.w.org\/{rel}","templated":true}]}}