{"id":39809,"date":"2025-01-06T10:57:16","date_gmt":"2025-01-06T10:57:16","guid":{"rendered":"https:\/\/radiojehona.com\/?p=39809"},"modified":"2025-01-06T10:57:16","modified_gmt":"2025-01-06T10:57:16","slug":"bdi-shprehe-shqetesimin-dhe-zhgenjimin-nga-urrejtja-ndaj-shqiptareve-dhe-mungesa-e-vullnetit-per-bashkejetese","status":"publish","type":"post","link":"https:\/\/radiojehona.mk\/?p=39809","title":{"rendered":"BDI shpreh\u00eb shqet\u00ebsimin dhe zhg\u00ebnjimin nga urrejtja ndaj shqiptar\u00ebve dhe mungesa e vullnetit p\u00ebr bashk\u00ebjetes\u00eb"},"content":{"rendered":"\n<figure class=\"wp-block-image size-large\"><img fetchpriority=\"high\" decoding=\"async\" width=\"1024\" height=\"639\" src=\"https:\/\/radiojehona.com\/wp-content\/uploads\/2025\/01\/IMG_0324-1024x639.jpeg\" alt=\"\" class=\"wp-image-39810\" srcset=\"https:\/\/radiojehona.mk\/wp-content\/uploads\/2025\/01\/IMG_0324-1024x639.jpeg 1024w, https:\/\/radiojehona.mk\/wp-content\/uploads\/2025\/01\/IMG_0324-300x187.jpeg 300w, https:\/\/radiojehona.mk\/wp-content\/uploads\/2025\/01\/IMG_0324-768x479.jpeg 768w, https:\/\/radiojehona.mk\/wp-content\/uploads\/2025\/01\/IMG_0324.jpeg 1125w\" sizes=\"(max-width: 1024px) 100vw, 1024px\" \/><\/figure>\n\n\n\n<p>N\u00eb frym\u00ebn e dit\u00ebve t\u00eb fest\u00ebs, p\u00ebrmbahemi nga retorika e ashp\u00ebr, por nuk mund t\u00eb mbetemi t\u00eb heshtur p\u00ebrball\u00eb agresionit t\u00eb shtetit ndaj vlerave tona kolektive.<\/p>\n\n\n\n<figure class=\"wp-block-image\"><img decoding=\"async\" src=\"https:\/\/ads.tetovasot.com\/www\/delivery\/lg.php?bannerid=0&amp;campaignid=0&amp;zoneid=175&amp;loc=https%3A%2F%2Fwww.tetovasot.com%2F2025%2F01%2Fbdi-shprehe-shqetesimin-dhe-zhgenjimin-nga-urrejtja-ndaj-shqiptareve-dhe-mungesa-e-vullnetit-per-bashkejetese%2F&amp;referer=https%3A%2F%2Ffax.al%2F&amp;cb=981f4be75d\" alt=\"\"\/><\/figure>\n\n\n\n<p>Jemi thell\u00ebsisht t\u00eb shqet\u00ebsuar dhe t\u00eb zhg\u00ebnjyer nga urrejtja e vazhdueshme, nga mungesa e vullnetit p\u00ebr bashk\u00ebjetes\u00eb, nga p\u00ebrpjekjet e pandalshme p\u00ebr t\u00eb shtypur gjuh\u00ebn shqipe dhe p\u00ebr t\u00eb zhvler\u00ebsuar shqiptar\u00ebt n\u00eb k\u00ebt\u00eb shtet tonin t\u00eb p\u00ebrbashk\u00ebt.<\/p>\n\n\n\n<figure class=\"wp-block-image\"><img decoding=\"async\" src=\"https:\/\/ads.tetovasot.com\/www\/delivery\/lg.php?bannerid=0&amp;campaignid=0&amp;zoneid=212&amp;loc=https%3A%2F%2Fwww.tetovasot.com%2F2025%2F01%2Fbdi-shprehe-shqetesimin-dhe-zhgenjimin-nga-urrejtja-ndaj-shqiptareve-dhe-mungesa-e-vullnetit-per-bashkejetese%2F&amp;referer=https%3A%2F%2Ffax.al%2F&amp;cb=15523ee700\" alt=\"\"\/><\/figure>\n\n\n\n<p>Ata q\u00eb mendojn\u00eb se do t\u00eb rriten duke rr\u00ebnuar fqinj\u00ebt e tyre, bashk\u00ebqytetar\u00ebt e tyre, jan\u00eb n\u00eb nj\u00eb iluzion t\u00eb madh \u2013 askush nuk \u00ebsht\u00eb b\u00ebr\u00eb m\u00eb i madh duke n\u00ebn\u00e7muar tjetrin, p\u00ebrkundrazi\u2026<\/p>\n\n\n\n<figure class=\"wp-block-image\"><img decoding=\"async\" src=\"https:\/\/ads.tetovasot.com\/www\/delivery\/lg.php?bannerid=0&amp;campaignid=0&amp;zoneid=175&amp;loc=https%3A%2F%2Fwww.tetovasot.com%2F2025%2F01%2Fbdi-shprehe-shqetesimin-dhe-zhgenjimin-nga-urrejtja-ndaj-shqiptareve-dhe-mungesa-e-vullnetit-per-bashkejetese%2F&amp;referer=https%3A%2F%2Ffax.al%2F&amp;cb=610113125f\" alt=\"\"\/><\/figure>\n\n\n\n<p>Jemi t\u00eb zhg\u00ebnjyer edhe nga heshtja e atyre bashk\u00ebqytetar\u00ebve q\u00eb shohin, por nuk reagojn\u00eb. Kjo nuk \u00ebsht\u00eb vet\u00ebm nj\u00eb \u00e7\u00ebshtje e shqiptar\u00ebve, kjo \u00ebsht\u00eb nj\u00eb \u00e7\u00ebshtje e vlerave t\u00eb k\u00ebtij shteti.<\/p>\n\n\n\n<figure class=\"wp-block-image\"><img decoding=\"async\" src=\"https:\/\/ads.tetovasot.com\/www\/delivery\/lg.php?bannerid=0&amp;campaignid=0&amp;zoneid=189&amp;loc=https%3A%2F%2Fwww.tetovasot.com%2F2025%2F01%2Fbdi-shprehe-shqetesimin-dhe-zhgenjimin-nga-urrejtja-ndaj-shqiptareve-dhe-mungesa-e-vullnetit-per-bashkejetese%2F&amp;referer=https%3A%2F%2Ffax.al%2F&amp;cb=4c19e80529\" alt=\"\"\/><\/figure>\n\n\n\n<figure class=\"wp-block-image\"><img decoding=\"async\" src=\"https:\/\/ads.tetovasot.com\/www\/delivery\/lg.php?bannerid=0&amp;campaignid=0&amp;zoneid=176&amp;loc=https%3A%2F%2Fwww.tetovasot.com%2F2025%2F01%2Fbdi-shprehe-shqetesimin-dhe-zhgenjimin-nga-urrejtja-ndaj-shqiptareve-dhe-mungesa-e-vullnetit-per-bashkejetese%2F&amp;referer=https%3A%2F%2Ffax.al%2F&amp;cb=aa1172d900\" alt=\"\"\/><\/figure>\n\n\n\n<p>Ajo q\u00eb ne si shqiptar\u00eb e kemi t\u00eb shenjt\u00eb \u2013 gjuha jon\u00eb, dinjiteti yn\u00eb, pjes\u00ebmarrja jon\u00eb e barabart\u00eb n\u00eb k\u00ebt\u00eb vend \u2013 nuk mund t\u00eb jet\u00eb vazhdimisht nj\u00eb objektiv agresioni pa pasoja p\u00ebr shtetin n\u00eb t\u00ebr\u00ebsi.<\/p>\n\n\n\n<figure class=\"wp-block-image\"><img decoding=\"async\" src=\"https:\/\/ads.tetovasot.com\/www\/delivery\/lg.php?bannerid=0&amp;campaignid=0&amp;zoneid=215&amp;loc=https%3A%2F%2Fwww.tetovasot.com%2F2025%2F01%2Fbdi-shprehe-shqetesimin-dhe-zhgenjimin-nga-urrejtja-ndaj-shqiptareve-dhe-mungesa-e-vullnetit-per-bashkejetese%2F&amp;referer=https%3A%2F%2Ffax.al%2F&amp;cb=0c029aa6ac\" alt=\"\"\/><\/figure>\n\n\n\n<p>N\u00eb prag t\u00eb festave t\u00eb Krishtlindjeve, t\u00eb gjith\u00eb besimtar\u00ebve ortodoks\u00eb u urojm\u00eb paqe, harmoni dhe ngroht\u00ebsi n\u00eb familjet e tyre.<\/p>\n\n\n\n<p>Vlerat e v\u00ebrteta nuk maten me at\u00eb se sa ulet tjetri, por me at\u00eb se sa mund t\u00eb rritemi s\u00eb bashku, me respekt dhe mir\u00ebkuptim.<\/p>\n\n\n\n<p>Bashk\u00ebjetesa nuk \u00ebsht\u00eb dob\u00ebsi, por forc\u00eb. Ndryshimet nuk jan\u00eb penges\u00eb, por pasuri.<\/p>\n\n\n\n<p>T\u00eb gjith\u00eb qytetar\u00ebve u urojm\u00eb festa t\u00eb mbushura me mir\u00ebsi dhe shpres\u00eb p\u00ebr nj\u00eb t\u00eb ardhme m\u00eb t\u00eb mir\u00eb p\u00ebr t\u00eb gjith\u00eb ne.<\/p>\n","protected":false},"excerpt":{"rendered":"<p>N&euml; frym&euml;n e dit&euml;ve t&euml; fest&euml;s, p&euml;rmbahemi nga retorika e ashp&euml;r, por nuk mund t&euml; mbetemi t&euml; heshtur p&euml;rball&euml; agresionit t&euml; shtetit ndaj vlerave tona kolektive. Jemi thell&euml;sisht t&euml; shqet&euml;suar dhe t&euml; zhg&euml;njyer nga urrejtja e vazhdueshme, nga mungesa e vullnetit p&euml;r bashk&euml;jetes&euml;, nga p&euml;rpjekjet e pandalshme p&euml;r t&euml; shtypur gjuh&euml;n shqipe dhe p&euml;r t&euml; [&hellip;]<\/p>\n","protected":false},"author":2,"featured_media":39810,"comment_status":"open","ping_status":"closed","sticky":false,"template":"","format":"standard","meta":{"_monsterinsights_skip_tracking":false,"_monsterinsights_sitenote_active":false,"_monsterinsights_sitenote_note":"","_monsterinsights_sitenote_category":0,"footnotes":""},"categories":[1],"tags":[],"class_list":["post-39809","post","type-post","status-publish","format-standard","has-post-thumbnail","hentry","category-vendi"],"_links":{"self":[{"href":"https:\/\/radiojehona.mk\/index.php?rest_route=\/wp\/v2\/posts\/39809","targetHints":{"allow":["GET"]}}],"collection":[{"href":"https:\/\/radiojehona.mk\/index.php?rest_route=\/wp\/v2\/posts"}],"about":[{"href":"https:\/\/radiojehona.mk\/index.php?rest_route=\/wp\/v2\/types\/post"}],"author":[{"embeddable":true,"href":"https:\/\/radiojehona.mk\/index.php?rest_route=\/wp\/v2\/users\/2"}],"replies":[{"embeddable":true,"href":"https:\/\/radiojehona.mk\/index.php?rest_route=%2Fwp%2Fv2%2Fcomments&post=39809"}],"version-history":[{"count":1,"href":"https:\/\/radiojehona.mk\/index.php?rest_route=\/wp\/v2\/posts\/39809\/revisions"}],"predecessor-version":[{"id":39811,"href":"https:\/\/radiojehona.mk\/index.php?rest_route=\/wp\/v2\/posts\/39809\/revisions\/39811"}],"wp:featuredmedia":[{"embeddable":true,"href":"https:\/\/radiojehona.mk\/index.php?rest_route=\/wp\/v2\/media\/39810"}],"wp:attachment":[{"href":"https:\/\/radiojehona.mk\/index.php?rest_route=%2Fwp%2Fv2%2Fmedia&parent=39809"}],"wp:term":[{"taxonomy":"category","embeddable":true,"href":"https:\/\/radiojehona.mk\/index.php?rest_route=%2Fwp%2Fv2%2Fcategories&post=39809"},{"taxonomy":"post_tag","embeddable":true,"href":"https:\/\/radiojehona.mk\/index.php?rest_route=%2Fwp%2Fv2%2Ftags&post=39809"}],"curies":[{"name":"wp","href":"https:\/\/api.w.org\/{rel}","templated":true}]}}