{"id":39805,"date":"2025-01-06T10:54:56","date_gmt":"2025-01-06T10:54:56","guid":{"rendered":"https:\/\/radiojehona.com\/?p=39805"},"modified":"2025-01-06T10:54:57","modified_gmt":"2025-01-06T10:54:57","slug":"vlen-kalojme-ne-veprim-2025-ta-me-pensione-me-te-larta","status":"publish","type":"post","link":"https:\/\/radiojehona.mk\/?p=39805","title":{"rendered":"VLEN: Kalojm\u00eb n\u00eb veprim, 2025-ta me pensione m\u00eb t\u00eb larta"},"content":{"rendered":"\n<figure class=\"wp-block-image size-large\"><img fetchpriority=\"high\" decoding=\"async\" width=\"1024\" height=\"586\" src=\"https:\/\/radiojehona.com\/wp-content\/uploads\/2025\/01\/IMG_0323-1024x586.jpeg\" alt=\"\" class=\"wp-image-39806\" srcset=\"https:\/\/radiojehona.mk\/wp-content\/uploads\/2025\/01\/IMG_0323-1024x586.jpeg 1024w, https:\/\/radiojehona.mk\/wp-content\/uploads\/2025\/01\/IMG_0323-300x172.jpeg 300w, https:\/\/radiojehona.mk\/wp-content\/uploads\/2025\/01\/IMG_0323-768x440.jpeg 768w, https:\/\/radiojehona.mk\/wp-content\/uploads\/2025\/01\/IMG_0323.jpeg 1125w\" sizes=\"(max-width: 1024px) 100vw, 1024px\" \/><\/figure>\n\n\n\n<p>Ne, koalicioni VLEN si pjes\u00eb e qeveris\u00eb kemi nd\u00ebrmarr\u00eb nj\u00eb hap t\u00eb r\u00ebnd\u00ebsish\u00ebm n\u00eb drejtim t\u00eb p\u00ebrmir\u00ebsimit t\u00eb mir\u00ebqenies s\u00eb pensionist\u00ebve, duke vendosur p\u00ebr nj\u00eb rritje t\u00eb ndjeshme t\u00eb pensioneve prej 5000 denar\u00eb nga muaji mars. Kjo rritje, e mund\u00ebsuar nga ndryshimet ligjore t\u00eb shtatorit 2024, reflekton p\u00ebrkushtimin ton\u00eb p\u00ebr t\u00eb garantuar nj\u00eb jet\u00eb m\u00eb dinjitoze dhe t\u00eb sigurt p\u00ebr pensionist\u00ebt. Ky vendim pasqyron angazhimin ton\u00eb p\u00ebr t\u2019u kujdesur p\u00ebr ata q\u00eb kan\u00eb dh\u00ebn\u00eb nj\u00eb kontribut t\u00eb \u00e7muar p\u00ebr shoq\u00ebrin\u00eb dhe ekonomin\u00eb ton\u00eb gjat\u00eb angazhimit t\u00eb tyre aktiv q\u00eb kan\u00eb shpenzuar potencialin e energjin\u00eb e tyre pa kursyer asgj\u00eb p\u00ebr t\u00eb dh\u00ebn\u00eb shum\u00eb\u00e7ka.<\/p>\n\n\n\n<p>Ky hap vjen si rezultat i d\u00ebgjimit t\u00eb vazhduesh\u00ebm t\u00eb k\u00ebrkesave t\u00eb pensionist\u00ebve dhe p\u00ebrkushtimit t\u00eb qeveris\u00eb p\u00ebr t\u00eb p\u00ebrmbushur nevojat e tyre.&nbsp;<\/p>\n\n\n\n<p>VLEN \u00ebsht\u00eb e vet\u00ebdijshme dhe e njoftuar prej af\u00ebr p\u00ebr sfidat ekonomike me t\u00eb cilat p\u00ebrballen pensionist\u00ebt dhe prandaj \u00ebsht\u00eb e p\u00ebrkushtuar sinqerisht e me p\u00ebrgjegj\u00ebsi t\u00eb lart\u00eb q\u00eb asnj\u00ebri prej pensionist\u00ebve tan\u00eb mos t\u00eb hamend\u00ebsohet q\u00eb me parat\u00eb e pensionit t\u00eb blejn\u00eb barna apo ushqim. Prandaj, kemi rritur pensionet q\u00eb t\u00eb jen\u00eb t\u00eb mjaftueshme edhe p\u00ebr bar\u00ebra edhe p\u00ebr ushqim e mjekim.<\/p>\n\n\n\n<p>Kujtojm\u00eb q\u00eb, rritja e pensioneve \u00ebsht\u00eb pjes\u00eb e nj\u00eb plani t\u00eb gjer\u00eb t\u00eb qeveris\u00eb p\u00ebr t\u00eb rritur standardin e jetes\u00ebs p\u00ebr t\u00eb gjitha kategorit\u00eb shoq\u00ebrore, ve\u00e7an\u00ebrisht p\u00ebr ata q\u00eb ndodhen n\u00eb situata m\u00eb t\u00eb ndjeshme ekonomike. K\u00ebt\u00eb e kemi pasur zotim e premtim edhe gjat\u00eb fushat\u00ebs zgjedhore.&nbsp;<\/p>\n\n\n\n<p>VLEN siguron qytetar\u00ebt se do t\u00eb vazhdojm\u00eb t\u00eb punojm\u00eb me p\u00ebrkushtim p\u00ebr t\u00eb d\u00ebgjuar k\u00ebrkesat e pensionist\u00ebve dhe p\u00ebr t\u00eb ofruar zgjidhje konkrete q\u00eb p\u00ebrmir\u00ebsojn\u00eb cil\u00ebsin\u00eb e jet\u00ebs s\u00eb tyre.<\/p>\n\n\n\n<p>Nj\u00ebkoh\u00ebsisht fal\u00ebnderojm\u00eb t\u00eb gjith\u00eb qytetar\u00ebt p\u00ebr besimin dhe bashk\u00ebpunimin e tyre t\u00eb vazhduesh\u00ebm dhe ftojm\u00eb t\u00eb gjith\u00eb pal\u00ebt e interesuara t\u00eb japin sugjerimet e tyre p\u00ebr p\u00ebrmir\u00ebsimin e m\u00ebtejsh\u00ebm t\u00eb politikave sociale.<\/p>\n\n\n\n<p>VLEN e p\u00ebrkushtuar p\u00ebr qytetarin. VLEN \u00ebsht\u00eb zotuar n\u00eb p\u00ebrmbushjen e premtimeve pa asnj\u00eb kompromis!<\/p>\n","protected":false},"excerpt":{"rendered":"<p>Ne, koalicioni VLEN si pjes&euml; e qeveris&euml; kemi nd&euml;rmarr&euml; nj&euml; hap t&euml; r&euml;nd&euml;sish&euml;m n&euml; drejtim t&euml; p&euml;rmir&euml;simit t&euml; mir&euml;qenies s&euml; pensionist&euml;ve, duke vendosur p&euml;r nj&euml; rritje t&euml; ndjeshme t&euml; pensioneve prej 5000 denar&euml; nga muaji mars. Kjo rritje, e mund&euml;suar nga ndryshimet ligjore t&euml; shtatorit 2024, reflekton p&euml;rkushtimin ton&euml; p&euml;r t&euml; garantuar nj&euml; jet&euml; m&euml; [&hellip;]<\/p>\n","protected":false},"author":2,"featured_media":39806,"comment_status":"open","ping_status":"closed","sticky":false,"template":"","format":"standard","meta":{"_monsterinsights_skip_tracking":false,"_monsterinsights_sitenote_active":false,"_monsterinsights_sitenote_note":"","_monsterinsights_sitenote_category":0,"footnotes":""},"categories":[1],"tags":[],"class_list":["post-39805","post","type-post","status-publish","format-standard","has-post-thumbnail","hentry","category-vendi"],"_links":{"self":[{"href":"https:\/\/radiojehona.mk\/index.php?rest_route=\/wp\/v2\/posts\/39805","targetHints":{"allow":["GET"]}}],"collection":[{"href":"https:\/\/radiojehona.mk\/index.php?rest_route=\/wp\/v2\/posts"}],"about":[{"href":"https:\/\/radiojehona.mk\/index.php?rest_route=\/wp\/v2\/types\/post"}],"author":[{"embeddable":true,"href":"https:\/\/radiojehona.mk\/index.php?rest_route=\/wp\/v2\/users\/2"}],"replies":[{"embeddable":true,"href":"https:\/\/radiojehona.mk\/index.php?rest_route=%2Fwp%2Fv2%2Fcomments&post=39805"}],"version-history":[{"count":2,"href":"https:\/\/radiojehona.mk\/index.php?rest_route=\/wp\/v2\/posts\/39805\/revisions"}],"predecessor-version":[{"id":39808,"href":"https:\/\/radiojehona.mk\/index.php?rest_route=\/wp\/v2\/posts\/39805\/revisions\/39808"}],"wp:featuredmedia":[{"embeddable":true,"href":"https:\/\/radiojehona.mk\/index.php?rest_route=\/wp\/v2\/media\/39806"}],"wp:attachment":[{"href":"https:\/\/radiojehona.mk\/index.php?rest_route=%2Fwp%2Fv2%2Fmedia&parent=39805"}],"wp:term":[{"taxonomy":"category","embeddable":true,"href":"https:\/\/radiojehona.mk\/index.php?rest_route=%2Fwp%2Fv2%2Fcategories&post=39805"},{"taxonomy":"post_tag","embeddable":true,"href":"https:\/\/radiojehona.mk\/index.php?rest_route=%2Fwp%2Fv2%2Ftags&post=39805"}],"curies":[{"name":"wp","href":"https:\/\/api.w.org\/{rel}","templated":true}]}}