{"id":39802,"date":"2025-01-06T10:52:41","date_gmt":"2025-01-06T10:52:41","guid":{"rendered":"https:\/\/radiojehona.com\/?p=39802"},"modified":"2025-01-06T10:52:41","modified_gmt":"2025-01-06T10:52:41","slug":"regjistrohet-termet-ne-maqedonine-e-veriut","status":"publish","type":"post","link":"https:\/\/radiojehona.mk\/?p=39802","title":{"rendered":"Regjistrohet t\u00ebrmet n\u00eb Maqedonin\u00eb e Veriut"},"content":{"rendered":"\n<figure class=\"wp-block-image size-full\"><img fetchpriority=\"high\" decoding=\"async\" width=\"800\" height=\"475\" src=\"https:\/\/radiojehona.com\/wp-content\/uploads\/2024\/11\/800-0-1710085018xtermett-840.jpg\" alt=\"\" class=\"wp-image-38202\" srcset=\"https:\/\/radiojehona.mk\/wp-content\/uploads\/2024\/11\/800-0-1710085018xtermett-840.jpg 800w, https:\/\/radiojehona.mk\/wp-content\/uploads\/2024\/11\/800-0-1710085018xtermett-840-300x178.jpg 300w, https:\/\/radiojehona.mk\/wp-content\/uploads\/2024\/11\/800-0-1710085018xtermett-840-768x456.jpg 768w\" sizes=\"(max-width: 800px) 100vw, 800px\" \/><\/figure>\n\n\n\n<p>Nj\u00eb t\u00ebrmet me intensitet prej tre grad\u00ebsh sipas shkall\u00ebs makrosizmike evropiane \u00ebsht\u00eb ndjer\u00eb mbr\u00ebm\u00eb n\u00eb Shkup dhe n\u00eb viset veriper\u00ebndimore t\u00eb vendit.<\/p>\n\n\n\n<p>Sipas t\u00eb dh\u00ebnave t\u00eb Observatorit Sizmologjik pran\u00eb Fakultetit Shkencor\u00eb Matematikor n\u00eb Shkup, t\u00ebrmeti \u00ebsht\u00eb regjistruar n\u00eb or\u00ebn 23:12 me epiqend\u00ebr 24 kilometra n\u00eb veriper\u00ebndim t\u00eb Shkupit me magnitud\u00eb Rihter prej 2.8 grad\u00eb.<\/p>\n","protected":false},"excerpt":{"rendered":"<p>Nj&euml; t&euml;rmet me intensitet prej tre grad&euml;sh sipas shkall&euml;s makrosizmike evropiane &euml;sht&euml; ndjer&euml; mbr&euml;m&euml; n&euml; Shkup dhe n&euml; viset veriper&euml;ndimore t&euml; vendit. Sipas t&euml; dh&euml;nave t&euml; Observatorit Sizmologjik pran&euml; Fakultetit Shkencor&euml; Matematikor n&euml; Shkup, t&euml;rmeti &euml;sht&euml; regjistruar n&euml; or&euml;n 23:12 me epiqend&euml;r 24 kilometra n&euml; veriper&euml;ndim t&euml; Shkupit me magnitud&euml; Rihter prej 2.8 grad&euml;.<\/p>\n","protected":false},"author":2,"featured_media":38202,"comment_status":"open","ping_status":"closed","sticky":false,"template":"","format":"standard","meta":{"_monsterinsights_skip_tracking":false,"_monsterinsights_sitenote_active":false,"_monsterinsights_sitenote_note":"","_monsterinsights_sitenote_category":0,"footnotes":""},"categories":[1],"tags":[],"class_list":["post-39802","post","type-post","status-publish","format-standard","has-post-thumbnail","hentry","category-vendi"],"_links":{"self":[{"href":"https:\/\/radiojehona.mk\/index.php?rest_route=\/wp\/v2\/posts\/39802","targetHints":{"allow":["GET"]}}],"collection":[{"href":"https:\/\/radiojehona.mk\/index.php?rest_route=\/wp\/v2\/posts"}],"about":[{"href":"https:\/\/radiojehona.mk\/index.php?rest_route=\/wp\/v2\/types\/post"}],"author":[{"embeddable":true,"href":"https:\/\/radiojehona.mk\/index.php?rest_route=\/wp\/v2\/users\/2"}],"replies":[{"embeddable":true,"href":"https:\/\/radiojehona.mk\/index.php?rest_route=%2Fwp%2Fv2%2Fcomments&post=39802"}],"version-history":[{"count":2,"href":"https:\/\/radiojehona.mk\/index.php?rest_route=\/wp\/v2\/posts\/39802\/revisions"}],"predecessor-version":[{"id":39804,"href":"https:\/\/radiojehona.mk\/index.php?rest_route=\/wp\/v2\/posts\/39802\/revisions\/39804"}],"wp:featuredmedia":[{"embeddable":true,"href":"https:\/\/radiojehona.mk\/index.php?rest_route=\/wp\/v2\/media\/38202"}],"wp:attachment":[{"href":"https:\/\/radiojehona.mk\/index.php?rest_route=%2Fwp%2Fv2%2Fmedia&parent=39802"}],"wp:term":[{"taxonomy":"category","embeddable":true,"href":"https:\/\/radiojehona.mk\/index.php?rest_route=%2Fwp%2Fv2%2Fcategories&post=39802"},{"taxonomy":"post_tag","embeddable":true,"href":"https:\/\/radiojehona.mk\/index.php?rest_route=%2Fwp%2Fv2%2Ftags&post=39802"}],"curies":[{"name":"wp","href":"https:\/\/api.w.org\/{rel}","templated":true}]}}