{"id":39799,"date":"2025-01-05T20:29:58","date_gmt":"2025-01-05T20:29:58","guid":{"rendered":"https:\/\/radiojehona.com\/?p=39799"},"modified":"2025-01-05T20:29:58","modified_gmt":"2025-01-05T20:29:58","slug":"rregulla-te-reja-te-udhetimit-ne-be-nga-pranvera-pa-kete-leje-nuk-ka-hyrje-per-shtetasit-e-maqedonise","status":"publish","type":"post","link":"https:\/\/radiojehona.mk\/?p=39799","title":{"rendered":"Rregulla t\u00eb reja t\u00eb udh\u00ebtimit n\u00eb BE? Nga pranvera pa k\u00ebt\u00eb leje nuk ka hyrje p\u00ebr shtetasit e Maqedonis\u00eb"},"content":{"rendered":"\n<figure class=\"wp-block-image size-large\"><img fetchpriority=\"high\" decoding=\"async\" width=\"1024\" height=\"646\" src=\"https:\/\/radiojehona.com\/wp-content\/uploads\/2025\/01\/IMG_0322-1024x646.jpeg\" alt=\"\" class=\"wp-image-39800\" srcset=\"https:\/\/radiojehona.mk\/wp-content\/uploads\/2025\/01\/IMG_0322-1024x646.jpeg 1024w, https:\/\/radiojehona.mk\/wp-content\/uploads\/2025\/01\/IMG_0322-300x189.jpeg 300w, https:\/\/radiojehona.mk\/wp-content\/uploads\/2025\/01\/IMG_0322-768x485.jpeg 768w, https:\/\/radiojehona.mk\/wp-content\/uploads\/2025\/01\/IMG_0322.jpeg 1125w\" sizes=\"(max-width: 1024px) 100vw, 1024px\" \/><\/figure>\n\n\n\n<p>Gjat\u00eb k\u00ebtij viti, me shum\u00eb gjasa n\u00eb pranver\u00eb, qytetar\u00ebt tan\u00eb mund t\u00eb p\u00ebrballen me lajme t\u00eb reja p\u00ebr hyrjen n\u00eb BE, t\u00eb sjellura nga sistemi elektronik ETIAS p\u00ebr aplikimin p\u00ebr hyrje n\u00eb BE, p\u00ebrcjell Fokus.<\/p>\n\n\n\n<p>N\u00eb fakt, \u00ebsht\u00eb nj\u00eb sistem ku njer\u00ebzit q\u00eb duan t\u00eb udh\u00ebtojn\u00eb n\u00eb BE do t\u00eb duhet t\u00eb regjistrohen p\u00ebrmes aplikacionit p\u00ebrkat\u00ebs kur t\u00eb hyjn\u00eb p\u00ebr her\u00eb t\u00eb par\u00eb n\u00eb BE dhe t\u00eb paguajn\u00eb p\u00ebr at\u00eb regjistrim.<\/p>\n\n\n\n<p>Me pak fjal\u00eb, sistemi ETIAS do t\u00eb thot\u00eb q\u00eb pa regjistrim n\u00eb aplikim nuk do t\u00eb mund t\u00eb udh\u00ebtohet n\u00eb BE, dhe se leja e udh\u00ebtimit e marr\u00eb me regjistrim do t\u00eb kushtoj\u00eb shtat\u00eb euro, t\u00eb cilat nuk do t\u00eb k\u00ebrkohen vet\u00ebm nga ata n\u00ebn 18 vje\u00e7 dhe mbi 70 vje\u00e7, t\u00eb cil\u00ebt nuk do t\u00eb duhet t\u00eb paguajn\u00eb shum\u00ebn e p\u00ebrmendur por do t\u00eb duhet t\u00eb regjistrohen n\u00eb sistem.<\/p>\n\n\n\n<p>P\u00ebr nj\u00eb p\u00ebrgjigje duhen minimalisht t\u00eb pritet dy dit\u00eb.\/TV21<\/p>\n","protected":false},"excerpt":{"rendered":"<p>Gjat&euml; k&euml;tij viti, me shum&euml; gjasa n&euml; pranver&euml;, qytetar&euml;t tan&euml; mund t&euml; p&euml;rballen me lajme t&euml; reja p&euml;r hyrjen n&euml; BE, t&euml; sjellura nga sistemi elektronik ETIAS p&euml;r aplikimin p&euml;r hyrje n&euml; BE, p&euml;rcjell Fokus. N&euml; fakt, &euml;sht&euml; nj&euml; sistem ku njer&euml;zit q&euml; duan t&euml; udh&euml;tojn&euml; n&euml; BE do t&euml; duhet t&euml; regjistrohen p&euml;rmes aplikacionit [&hellip;]<\/p>\n","protected":false},"author":2,"featured_media":39800,"comment_status":"open","ping_status":"closed","sticky":false,"template":"","format":"standard","meta":{"_monsterinsights_skip_tracking":false,"_monsterinsights_sitenote_active":false,"_monsterinsights_sitenote_note":"","_monsterinsights_sitenote_category":0,"footnotes":""},"categories":[1],"tags":[],"class_list":["post-39799","post","type-post","status-publish","format-standard","has-post-thumbnail","hentry","category-vendi"],"_links":{"self":[{"href":"https:\/\/radiojehona.mk\/index.php?rest_route=\/wp\/v2\/posts\/39799","targetHints":{"allow":["GET"]}}],"collection":[{"href":"https:\/\/radiojehona.mk\/index.php?rest_route=\/wp\/v2\/posts"}],"about":[{"href":"https:\/\/radiojehona.mk\/index.php?rest_route=\/wp\/v2\/types\/post"}],"author":[{"embeddable":true,"href":"https:\/\/radiojehona.mk\/index.php?rest_route=\/wp\/v2\/users\/2"}],"replies":[{"embeddable":true,"href":"https:\/\/radiojehona.mk\/index.php?rest_route=%2Fwp%2Fv2%2Fcomments&post=39799"}],"version-history":[{"count":1,"href":"https:\/\/radiojehona.mk\/index.php?rest_route=\/wp\/v2\/posts\/39799\/revisions"}],"predecessor-version":[{"id":39801,"href":"https:\/\/radiojehona.mk\/index.php?rest_route=\/wp\/v2\/posts\/39799\/revisions\/39801"}],"wp:featuredmedia":[{"embeddable":true,"href":"https:\/\/radiojehona.mk\/index.php?rest_route=\/wp\/v2\/media\/39800"}],"wp:attachment":[{"href":"https:\/\/radiojehona.mk\/index.php?rest_route=%2Fwp%2Fv2%2Fmedia&parent=39799"}],"wp:term":[{"taxonomy":"category","embeddable":true,"href":"https:\/\/radiojehona.mk\/index.php?rest_route=%2Fwp%2Fv2%2Fcategories&post=39799"},{"taxonomy":"post_tag","embeddable":true,"href":"https:\/\/radiojehona.mk\/index.php?rest_route=%2Fwp%2Fv2%2Ftags&post=39799"}],"curies":[{"name":"wp","href":"https:\/\/api.w.org\/{rel}","templated":true}]}}