{"id":39796,"date":"2025-01-04T22:24:36","date_gmt":"2025-01-04T22:24:36","guid":{"rendered":"https:\/\/radiojehona.com\/?p=39796"},"modified":"2025-01-04T22:24:36","modified_gmt":"2025-01-04T22:24:36","slug":"pasojat-shendetesore-nese-e-mbani-klimen-leshuar-gjate-gjithe-dites","status":"publish","type":"post","link":"https:\/\/radiojehona.mk\/?p=39796","title":{"rendered":"Pasojat sh\u00ebndet\u00ebsore n\u00ebse e mbani klim\u00ebn l\u00ebshuar gjat\u00eb gjith\u00eb dit\u00ebs"},"content":{"rendered":"\n<figure class=\"wp-block-image size-large\"><img fetchpriority=\"high\" decoding=\"async\" width=\"1024\" height=\"672\" src=\"https:\/\/radiojehona.com\/wp-content\/uploads\/2025\/01\/IMG_0311-1024x672.jpeg\" alt=\"\" class=\"wp-image-39797\" srcset=\"https:\/\/radiojehona.mk\/wp-content\/uploads\/2025\/01\/IMG_0311-1024x672.jpeg 1024w, https:\/\/radiojehona.mk\/wp-content\/uploads\/2025\/01\/IMG_0311-300x197.jpeg 300w, https:\/\/radiojehona.mk\/wp-content\/uploads\/2025\/01\/IMG_0311-768x504.jpeg 768w, https:\/\/radiojehona.mk\/wp-content\/uploads\/2025\/01\/IMG_0311.jpeg 1125w\" sizes=\"(max-width: 1024px) 100vw, 1024px\" \/><\/figure>\n\n\n\n<p><strong>N\u00eb kuad\u00ebr t\u00eb vap\u00ebs p\u00ebrv\u00ebluese t\u00eb ver\u00ebs dhe temperaturave t\u00eb larta, p\u00ebr shumic\u00ebn d\u00ebrrmuese p\u00ebrdorimi i klim\u00ebs \u00ebsht\u00eb bekim.<\/strong><\/p>\n\n\n\n<p>Po ashtu edhe gjat\u00eb dimrit p\u00ebr t\u00eb gjetur ngroht\u00ebsin\u00eb.<\/p>\n\n\n\n<p>Por ka disa&nbsp;<a href=\"https:\/\/symphonylimited.com\/side-effects-of-air-conditioning-on-health-a-comprehensive-analysis\/\" target=\"_blank\" rel=\"noreferrer noopener\">efekte t\u00eb d\u00ebmshme<\/a>&nbsp;q\u00eb shkakton ajri i kondicionuar.<\/p>\n\n\n\n<figure class=\"wp-block-image\"><img decoding=\"async\" src=\"https:\/\/reporteri.net\/reklamap\/www\/delivery\/lg.php?bannerid=0&amp;campaignid=0&amp;zoneid=17&amp;loc=https%3A%2F%2Freporteri.net%2Fmjekesi%2Fpasojat-shendetesore-nese-e-mbani-klimen-leshuar-gjate-gjithe-dites%2F&amp;referer=https%3A%2F%2Ffax.al%2F&amp;cb=20677f21cb\" alt=\"\"\/><\/figure>\n\n\n\n<p><strong>Dhimbje koke<\/strong><\/p>\n\n\n\n<p>Dhimbjet e kok\u00ebs p\u00ebr shkak t\u00eb ambientit tep\u00ebr t\u00eb ftoht\u00eb t\u00eb krijuar nga kondicioner\u00ebt jan\u00eb shum\u00eb t\u00eb shpeshta. Nd\u00ebrsa kondicioner\u00ebt l\u00ebshojn\u00eb kimikate t\u00eb paq\u00ebndrueshme, ndonj\u00ebher\u00eb kur AC-t\u00eb p\u00ebrdoren n\u00eb nj\u00eb hap\u00ebsir\u00eb \u200b\u200bt\u00eb mbyllur p\u00ebr nj\u00eb koh\u00eb t\u00eb gjat\u00eb, k\u00ebto kimikate mund t\u00eb grumbullohen, gj\u00eb q\u00eb mund t\u00eb \u00e7oj\u00eb n\u00eb dhimbje koke t\u00eb tilla midis problemeve t\u00eb tjera.<\/p>\n\n\n\n<p><strong>Probleme me l\u00ebkur\u00eb<\/strong><\/p>\n\n\n\n<p>P\u00ebrdorimi i tep\u00ebrt i kondicioner\u00ebve \u00e7on gjithashtu n\u00eb shterimin e ekuilibrit natyror t\u00eb lag\u00ebshtis\u00eb s\u00eb l\u00ebkur\u00ebs me kalimin e koh\u00ebs. Nd\u00ebrsa ky ekuilib\u00ebr natyror prishet, vajrat e mjaftuesh\u00ebm nuk \u00e7lirohen nga gj\u00ebndrat n\u00eb l\u00ebkur\u00eb. Si pasoj\u00eb, l\u00ebkura b\u00ebhet e that\u00eb dhe madje fillon t\u00eb shfaqet me tekstur\u00eb.<\/p>\n\n\n\n<p><strong>Dembeliz\u00ebm<\/strong><\/p>\n\n\n\n<p>Ekspozimi i vazhduesh\u00ebm ndaj nj\u00eb mjedisi q\u00eb \u00ebsht\u00eb vazhdimisht me aj\u00ebr t\u00eb kondicionuar gjithashtu kontribuon n\u00eb letargji. Temperatura normale e trupit t\u00eb njeriut \u00ebsht\u00eb 37\u2103. P\u00ebr shkak t\u00eb temperaturave shum\u00eb t\u00eb ul\u00ebta t\u00eb mjedisit, pas nj\u00eb periudhe ekspozimi, trupi fillon t\u00eb reagoj\u00eb. Reagimi shpesh b\u00ebhet m\u00eb i ngadalsh\u00ebm dhe shenjat e plog\u00ebshtis\u00eb jan\u00eb mjaft t\u00eb dukshme. P\u00ebrpunimi kognitiv gjithashtu ngadal\u00ebsohet pak p\u00ebr shkak t\u00eb temperaturave jasht\u00ebzakonisht t\u00eb ul\u00ebta.<\/p>\n\n\n\n<p><strong>Sy t\u00eb that\u00eb<\/strong><\/p>\n\n\n\n<p>Nj\u00eb tjet\u00ebr efekt shum\u00eb i p\u00ebrhapur i ajrit t\u00eb kondicionuar \u00ebsht\u00eb tharja e syve. Kondicioner\u00ebt reduktojn\u00eb lag\u00ebshtin\u00eb atmosferike e cila \u00e7on n\u00eb tharjen e shtres\u00ebs s\u00eb lotit t\u00eb syve.<\/p>\n","protected":false},"excerpt":{"rendered":"<p>N&euml; kuad&euml;r t&euml; vap&euml;s p&euml;rv&euml;luese t&euml; ver&euml;s dhe temperaturave t&euml; larta, p&euml;r shumic&euml;n d&euml;rrmuese p&euml;rdorimi i klim&euml;s &euml;sht&euml; bekim. Po ashtu edhe gjat&euml; dimrit p&euml;r t&euml; gjetur ngroht&euml;sin&euml;. Por ka disa&nbsp;efekte t&euml; d&euml;mshme&nbsp;q&euml; shkakton ajri i kondicionuar. Dhimbje koke Dhimbjet e kok&euml;s p&euml;r shkak t&euml; ambientit tep&euml;r t&euml; ftoht&euml; t&euml; krijuar nga kondicioner&euml;t jan&euml; shum&euml; [&hellip;]<\/p>\n","protected":false},"author":2,"featured_media":39797,"comment_status":"open","ping_status":"closed","sticky":false,"template":"","format":"standard","meta":{"_monsterinsights_skip_tracking":false,"_monsterinsights_sitenote_active":false,"_monsterinsights_sitenote_note":"","_monsterinsights_sitenote_category":0,"footnotes":""},"categories":[572],"tags":[],"class_list":["post-39796","post","type-post","status-publish","format-standard","has-post-thumbnail","hentry","category-shendeti"],"_links":{"self":[{"href":"https:\/\/radiojehona.mk\/index.php?rest_route=\/wp\/v2\/posts\/39796","targetHints":{"allow":["GET"]}}],"collection":[{"href":"https:\/\/radiojehona.mk\/index.php?rest_route=\/wp\/v2\/posts"}],"about":[{"href":"https:\/\/radiojehona.mk\/index.php?rest_route=\/wp\/v2\/types\/post"}],"author":[{"embeddable":true,"href":"https:\/\/radiojehona.mk\/index.php?rest_route=\/wp\/v2\/users\/2"}],"replies":[{"embeddable":true,"href":"https:\/\/radiojehona.mk\/index.php?rest_route=%2Fwp%2Fv2%2Fcomments&post=39796"}],"version-history":[{"count":1,"href":"https:\/\/radiojehona.mk\/index.php?rest_route=\/wp\/v2\/posts\/39796\/revisions"}],"predecessor-version":[{"id":39798,"href":"https:\/\/radiojehona.mk\/index.php?rest_route=\/wp\/v2\/posts\/39796\/revisions\/39798"}],"wp:featuredmedia":[{"embeddable":true,"href":"https:\/\/radiojehona.mk\/index.php?rest_route=\/wp\/v2\/media\/39797"}],"wp:attachment":[{"href":"https:\/\/radiojehona.mk\/index.php?rest_route=%2Fwp%2Fv2%2Fmedia&parent=39796"}],"wp:term":[{"taxonomy":"category","embeddable":true,"href":"https:\/\/radiojehona.mk\/index.php?rest_route=%2Fwp%2Fv2%2Fcategories&post=39796"},{"taxonomy":"post_tag","embeddable":true,"href":"https:\/\/radiojehona.mk\/index.php?rest_route=%2Fwp%2Fv2%2Ftags&post=39796"}],"curies":[{"name":"wp","href":"https:\/\/api.w.org\/{rel}","templated":true}]}}