{"id":39785,"date":"2025-01-04T22:15:00","date_gmt":"2025-01-04T22:15:00","guid":{"rendered":"https:\/\/radiojehona.com\/?p=39785"},"modified":"2025-01-04T22:15:00","modified_gmt":"2025-01-04T22:15:00","slug":"kumanova-po-zbrazet-174-femije-muajve-te-fundit-jane-cregjistruar-nga-shkollat","status":"publish","type":"post","link":"https:\/\/radiojehona.mk\/?p=39785","title":{"rendered":"Kumanova po zbrazet, 174 f\u00ebmij\u00eb muajve t\u00eb fundit jan\u00eb \u00e7regjistruar nga shkollat"},"content":{"rendered":"\n<figure class=\"wp-block-image size-large\"><img fetchpriority=\"high\" decoding=\"async\" width=\"1024\" height=\"747\" src=\"https:\/\/radiojehona.com\/wp-content\/uploads\/2025\/01\/IMG_0308-1024x747.jpeg\" alt=\"\" class=\"wp-image-39786\" srcset=\"https:\/\/radiojehona.mk\/wp-content\/uploads\/2025\/01\/IMG_0308-1024x747.jpeg 1024w, https:\/\/radiojehona.mk\/wp-content\/uploads\/2025\/01\/IMG_0308-300x219.jpeg 300w, https:\/\/radiojehona.mk\/wp-content\/uploads\/2025\/01\/IMG_0308-768x560.jpeg 768w, https:\/\/radiojehona.mk\/wp-content\/uploads\/2025\/01\/IMG_0308.jpeg 1125w\" sizes=\"(max-width: 1024px) 100vw, 1024px\" \/><\/figure>\n\n\n\n<p>Kumanov\u00eb, 4 janar \u2013 174 nx\u00ebn\u00ebs kan\u00eb braktisur shkollat \u200b\u200be mesme dhe fillore n\u00eb Kumanov\u00eb gjat\u00eb gjysm\u00ebvjetorit t\u00eb par\u00eb, njoftuan sot zyrtar\u00ebt e arsimit t\u00eb komun\u00ebs s\u00eb Kumanov\u00ebs.<\/p>\n\n\n\n<p>Largimi i nx\u00ebn\u00ebsve ka ndodhur kryesisht nga shkollat \u200b\u200bm\u00eb t\u00eb m\u00ebdha qendrore t\u00eb Kumanov\u00ebs. B\u00ebhet fjal\u00eb p\u00ebr raste t\u00eb emigrimeve familjare.<\/p>\n\n\n\n<p>Kumanova ndon\u00ebse \u00ebsht\u00eb komuna m\u00eb e madhe n\u00eb vend p\u00ebr nga numri i popullsis\u00eb, me 20 shkolla dhe numrin m\u00eb t\u00eb madh t\u00eb nx\u00ebn\u00ebsve, nuk i ka shp\u00ebtuar val\u00ebs s\u00eb emigrimit, sidomos drejt vendeve t\u00eb Europ\u00ebs Per\u00ebndimore.<\/p>\n\n\n\n<p>Sipas regjistrimit t\u00eb fundit n\u00eb vend, Kumanova ka 98.104 banor\u00eb.<\/p>\n","protected":false},"excerpt":{"rendered":"<p>Kumanov&euml;, 4 janar &ndash; 174 nx&euml;n&euml;s kan&euml; braktisur shkollat &#8203;&#8203;e mesme dhe fillore n&euml; Kumanov&euml; gjat&euml; gjysm&euml;vjetorit t&euml; par&euml;, njoftuan sot zyrtar&euml;t e arsimit t&euml; komun&euml;s s&euml; Kumanov&euml;s. Largimi i nx&euml;n&euml;sve ka ndodhur kryesisht nga shkollat &#8203;&#8203;m&euml; t&euml; m&euml;dha qendrore t&euml; Kumanov&euml;s. B&euml;het fjal&euml; p&euml;r raste t&euml; emigrimeve familjare. Kumanova ndon&euml;se &euml;sht&euml; komuna m&euml; e [&hellip;]<\/p>\n","protected":false},"author":2,"featured_media":39786,"comment_status":"open","ping_status":"closed","sticky":false,"template":"","format":"standard","meta":{"_monsterinsights_skip_tracking":false,"_monsterinsights_sitenote_active":false,"_monsterinsights_sitenote_note":"","_monsterinsights_sitenote_category":0,"footnotes":""},"categories":[1],"tags":[],"class_list":["post-39785","post","type-post","status-publish","format-standard","has-post-thumbnail","hentry","category-vendi"],"_links":{"self":[{"href":"https:\/\/radiojehona.mk\/index.php?rest_route=\/wp\/v2\/posts\/39785","targetHints":{"allow":["GET"]}}],"collection":[{"href":"https:\/\/radiojehona.mk\/index.php?rest_route=\/wp\/v2\/posts"}],"about":[{"href":"https:\/\/radiojehona.mk\/index.php?rest_route=\/wp\/v2\/types\/post"}],"author":[{"embeddable":true,"href":"https:\/\/radiojehona.mk\/index.php?rest_route=\/wp\/v2\/users\/2"}],"replies":[{"embeddable":true,"href":"https:\/\/radiojehona.mk\/index.php?rest_route=%2Fwp%2Fv2%2Fcomments&post=39785"}],"version-history":[{"count":2,"href":"https:\/\/radiojehona.mk\/index.php?rest_route=\/wp\/v2\/posts\/39785\/revisions"}],"predecessor-version":[{"id":39788,"href":"https:\/\/radiojehona.mk\/index.php?rest_route=\/wp\/v2\/posts\/39785\/revisions\/39788"}],"wp:featuredmedia":[{"embeddable":true,"href":"https:\/\/radiojehona.mk\/index.php?rest_route=\/wp\/v2\/media\/39786"}],"wp:attachment":[{"href":"https:\/\/radiojehona.mk\/index.php?rest_route=%2Fwp%2Fv2%2Fmedia&parent=39785"}],"wp:term":[{"taxonomy":"category","embeddable":true,"href":"https:\/\/radiojehona.mk\/index.php?rest_route=%2Fwp%2Fv2%2Fcategories&post=39785"},{"taxonomy":"post_tag","embeddable":true,"href":"https:\/\/radiojehona.mk\/index.php?rest_route=%2Fwp%2Fv2%2Ftags&post=39785"}],"curies":[{"name":"wp","href":"https:\/\/api.w.org\/{rel}","templated":true}]}}