{"id":39777,"date":"2025-01-04T11:44:12","date_gmt":"2025-01-04T11:44:12","guid":{"rendered":"https:\/\/radiojehona.com\/?p=39777"},"modified":"2025-01-04T11:44:12","modified_gmt":"2025-01-04T11:44:12","slug":"gruaja-japoneze-personi-me-i-vjeter-ne-bote-vdes-ne-moshen-116-vjecare","status":"publish","type":"post","link":"https:\/\/radiojehona.mk\/?p=39777","title":{"rendered":"GRUAJA JAPONEZE, PERSONI M\u00cb I VJET\u00cbR N\u00cb BOT\u00cb, VDES N\u00cb MOSH\u00cbN 116-VJE\u00c7ARE"},"content":{"rendered":"\n<figure class=\"wp-block-image size-large\"><img fetchpriority=\"high\" decoding=\"async\" width=\"1024\" height=\"594\" src=\"https:\/\/radiojehona.com\/wp-content\/uploads\/2025\/01\/IMG_0303-1024x594.jpeg\" alt=\"\" class=\"wp-image-39778\" srcset=\"https:\/\/radiojehona.mk\/wp-content\/uploads\/2025\/01\/IMG_0303-1024x594.jpeg 1024w, https:\/\/radiojehona.mk\/wp-content\/uploads\/2025\/01\/IMG_0303-300x174.jpeg 300w, https:\/\/radiojehona.mk\/wp-content\/uploads\/2025\/01\/IMG_0303-768x446.jpeg 768w, https:\/\/radiojehona.mk\/wp-content\/uploads\/2025\/01\/IMG_0303.jpeg 1125w\" sizes=\"(max-width: 1024px) 100vw, 1024px\" \/><figcaption class=\"wp-element-caption\">Screenshot<\/figcaption><\/figure>\n\n\n\n<p>Gruaja m\u00eb e vjet\u00ebr n\u00eb bot\u00eb, Tomiko Itooka, ka vdekur n\u00eb mosh\u00ebn 116-vje\u00e7are, raportoi media japoneze, transmeton Anadolu.<\/p>\n\n\n\n<p>Itooka ka nd\u00ebrruar jet\u00eb n\u00eb nj\u00eb sht\u00ebpi pleqsh n\u00eb provinc\u00ebn per\u00ebndimore Hyogo, sipas agjencis\u00eb s\u00eb lajmeve Kyodo.<\/p>\n\n\n\n<p>Itooka, e lindur m\u00eb 23 maj 1908, u b\u00eb personi m\u00eb i vjet\u00ebr i gjall\u00eb n\u00eb Japoni n\u00eb dhjetor 2023 pas vdekjes s\u00eb Fusa Tatsumit, 116 vje\u00e7e, n\u00eb Osaka.<\/p>\n\n\n\n<p>Shtatorin e kaluar Itooka u njoh si personi m\u00eb i vjet\u00ebr i gjall\u00eb n\u00eb bot\u00eb nga Rekordet Bot\u00ebrore Guinness pas vdekjes s\u00eb mbajt\u00ebses s\u00eb m\u00ebparshme t\u00eb rekordeve, Maria Branyas Morera, 117 vje\u00e7e, nga Katalonia, Spanj\u00eb, tha Kyodo.<\/p>\n","protected":false},"excerpt":{"rendered":"<p>Gruaja m&euml; e vjet&euml;r n&euml; bot&euml;, Tomiko Itooka, ka vdekur n&euml; mosh&euml;n 116-vje&ccedil;are, raportoi media japoneze, transmeton Anadolu. Itooka ka nd&euml;rruar jet&euml; n&euml; nj&euml; sht&euml;pi pleqsh n&euml; provinc&euml;n per&euml;ndimore Hyogo, sipas agjencis&euml; s&euml; lajmeve Kyodo. Itooka, e lindur m&euml; 23 maj 1908, u b&euml; personi m&euml; i vjet&euml;r i gjall&euml; n&euml; Japoni n&euml; dhjetor 2023 [&hellip;]<\/p>\n","protected":false},"author":2,"featured_media":39778,"comment_status":"open","ping_status":"closed","sticky":false,"template":"","format":"standard","meta":{"_monsterinsights_skip_tracking":false,"_monsterinsights_sitenote_active":false,"_monsterinsights_sitenote_note":"","_monsterinsights_sitenote_category":0,"footnotes":""},"categories":[569],"tags":[],"class_list":["post-39777","post","type-post","status-publish","format-standard","has-post-thumbnail","hentry","category-bota"],"_links":{"self":[{"href":"https:\/\/radiojehona.mk\/index.php?rest_route=\/wp\/v2\/posts\/39777","targetHints":{"allow":["GET"]}}],"collection":[{"href":"https:\/\/radiojehona.mk\/index.php?rest_route=\/wp\/v2\/posts"}],"about":[{"href":"https:\/\/radiojehona.mk\/index.php?rest_route=\/wp\/v2\/types\/post"}],"author":[{"embeddable":true,"href":"https:\/\/radiojehona.mk\/index.php?rest_route=\/wp\/v2\/users\/2"}],"replies":[{"embeddable":true,"href":"https:\/\/radiojehona.mk\/index.php?rest_route=%2Fwp%2Fv2%2Fcomments&post=39777"}],"version-history":[{"count":2,"href":"https:\/\/radiojehona.mk\/index.php?rest_route=\/wp\/v2\/posts\/39777\/revisions"}],"predecessor-version":[{"id":39780,"href":"https:\/\/radiojehona.mk\/index.php?rest_route=\/wp\/v2\/posts\/39777\/revisions\/39780"}],"wp:featuredmedia":[{"embeddable":true,"href":"https:\/\/radiojehona.mk\/index.php?rest_route=\/wp\/v2\/media\/39778"}],"wp:attachment":[{"href":"https:\/\/radiojehona.mk\/index.php?rest_route=%2Fwp%2Fv2%2Fmedia&parent=39777"}],"wp:term":[{"taxonomy":"category","embeddable":true,"href":"https:\/\/radiojehona.mk\/index.php?rest_route=%2Fwp%2Fv2%2Fcategories&post=39777"},{"taxonomy":"post_tag","embeddable":true,"href":"https:\/\/radiojehona.mk\/index.php?rest_route=%2Fwp%2Fv2%2Ftags&post=39777"}],"curies":[{"name":"wp","href":"https:\/\/api.w.org\/{rel}","templated":true}]}}