{"id":39773,"date":"2025-01-04T11:41:51","date_gmt":"2025-01-04T11:41:51","guid":{"rendered":"https:\/\/radiojehona.com\/?p=39773"},"modified":"2025-01-04T11:41:51","modified_gmt":"2025-01-04T11:41:51","slug":"polonia-merr-presidencen-e-be-se-me-fokus-sigurine","status":"publish","type":"post","link":"https:\/\/radiojehona.mk\/?p=39773","title":{"rendered":"Polonia merr presidenc\u00ebn e BE-s\u00eb me fokus sigurin\u00eb!"},"content":{"rendered":"\n<figure class=\"wp-block-image size-large\"><img fetchpriority=\"high\" decoding=\"async\" width=\"1024\" height=\"632\" src=\"https:\/\/radiojehona.com\/wp-content\/uploads\/2025\/01\/IMG_0302-1024x632.jpeg\" alt=\"\" class=\"wp-image-39774\" srcset=\"https:\/\/radiojehona.mk\/wp-content\/uploads\/2025\/01\/IMG_0302-1024x632.jpeg 1024w, https:\/\/radiojehona.mk\/wp-content\/uploads\/2025\/01\/IMG_0302-300x185.jpeg 300w, https:\/\/radiojehona.mk\/wp-content\/uploads\/2025\/01\/IMG_0302-768x474.jpeg 768w, https:\/\/radiojehona.mk\/wp-content\/uploads\/2025\/01\/IMG_0302.jpeg 1125w\" sizes=\"(max-width: 1024px) 100vw, 1024px\" \/><\/figure>\n\n\n\n<p>Polonia nisi presidenc\u00ebn e saj t\u00eb K\u00ebshillit t\u00eb Bashkimit Evropian e zhytur n\u00eb nj\u00eb mosmarr\u00ebveshje diplomatike me Hungarin\u00eb q\u00eb n\u00ebnvizoi nj\u00eb ndjenj\u00eb t\u00eb thelluar t\u00eb p\u00ebr\u00e7arjes politike n\u00eb t\u00eb gjith\u00eb Evrop\u00ebn.<br>BE-ja po p\u00ebrgatitet p\u00ebr kthimin e Donald Trump n\u00eb Sht\u00ebpin\u00eb e Bardh\u00eb k\u00ebt\u00eb muaj n\u00eb nj\u00eb platform\u00eb \u201cAmerica First\u201d dhe vendosjen e mundshme t\u00eb tarifave t\u00eb SHBA-s\u00eb mbi eksportet evropiane.<\/p>\n\n\n\n<figure class=\"wp-block-image\"><img decoding=\"async\" src=\"https:\/\/ads.tetovasot.com\/www\/delivery\/lg.php?bannerid=0&amp;campaignid=0&amp;zoneid=175&amp;loc=https%3A%2F%2Fwww.tetovasot.com%2F2025%2F01%2Fpolonia-merr-presidencen-e-be-se-me-fokus-sigurine%2F&amp;referer=https%3A%2F%2Ffax.al%2F&amp;cb=ad4795fbd3\" alt=\"\"\/><\/figure>\n\n\n\n<p>Ajo gjithashtu p\u00ebrballet me p\u00ebrkeq\u00ebsimin e marr\u00ebdh\u00ebnieve tregtare me Kin\u00ebn dhe luft\u00ebn e r\u00ebnd\u00eb t\u00eb Rusis\u00eb n\u00eb Ukrain\u00eb, t\u00eb gjitha n\u00eb nj\u00eb koh\u00eb kur dy fuqit\u00eb kryesore t\u00eb BE-s\u00eb, Franca dhe Gjermania, jan\u00eb t\u00eb hutuara nga trazirat e brendshme politike.<\/p>\n\n\n\n<figure class=\"wp-block-image\"><img decoding=\"async\" src=\"https:\/\/ads.tetovasot.com\/www\/delivery\/lg.php?bannerid=0&amp;campaignid=0&amp;zoneid=212&amp;loc=https%3A%2F%2Fwww.tetovasot.com%2F2025%2F01%2Fpolonia-merr-presidencen-e-be-se-me-fokus-sigurine%2F&amp;referer=https%3A%2F%2Ffax.al%2F&amp;cb=99a980dd58\" alt=\"\"\/><\/figure>\n\n\n\n<p>N\u00eb k\u00ebt\u00eb sfond t\u00eb zymt\u00eb, Polonia po k\u00ebrkon nj\u00eb rol udh\u00ebheq\u00ebs n\u00eb form\u00ebsimin e politik\u00ebs evropiane, ve\u00e7an\u00ebrisht n\u00eb fush\u00ebn e siguris\u00eb.<\/p>\n\n\n\n<figure class=\"wp-block-image\"><img decoding=\"async\" src=\"https:\/\/ads.tetovasot.com\/www\/delivery\/lg.php?bannerid=0&amp;campaignid=0&amp;zoneid=175&amp;loc=https%3A%2F%2Fwww.tetovasot.com%2F2025%2F01%2Fpolonia-merr-presidencen-e-be-se-me-fokus-sigurine%2F&amp;referer=https%3A%2F%2Ffax.al%2F&amp;cb=2e6082fbaf\" alt=\"\"\/><\/figure>\n\n\n\n<p>\u201cN\u00ebse Evropa \u00ebsht\u00eb e pafuqishme, ajo nuk do t\u00eb mbijetoj\u00eb. Le t\u00eb b\u00ebjm\u00eb gjith\u00e7ka q\u00eb Evropa dhe Polonia t\u00eb mos paguajn\u00eb \u00e7mimin m\u00eb t\u00eb lart\u00eb p\u00ebr lirin\u00eb, p\u00ebr forc\u00ebn, p\u00ebr sovranitetin. Le t\u00eb b\u00ebjm\u00eb gjith\u00e7ka p\u00ebr ta b\u00ebr\u00eb Evrop\u00ebn p\u00ebrs\u00ebri t\u00eb fort\u00eb\u201d, tha kryeministri polak Donald Tusk.<\/p>\n\n\n\n<figure class=\"wp-block-image\"><img decoding=\"async\" src=\"https:\/\/ads.tetovasot.com\/www\/delivery\/lg.php?bannerid=0&amp;campaignid=0&amp;zoneid=189&amp;loc=https%3A%2F%2Fwww.tetovasot.com%2F2025%2F01%2Fpolonia-merr-presidencen-e-be-se-me-fokus-sigurine%2F&amp;referer=https%3A%2F%2Ffax.al%2F&amp;cb=ff8bf7c6b3\" alt=\"\"\/><\/figure>\n\n\n\n<p>Atij iu bashkua presidenti i K\u00ebshillit Evropian, Antonio Costa, i cili theksoi r\u00ebnd\u00ebsin\u00eb e mb\u00ebshtetjes s\u00eb vazhdueshme p\u00ebr Kievin, shkruan Reuters, p\u00ebrcjell Telegrafi.<\/p>\n\n\n\n<figure class=\"wp-block-image\"><img decoding=\"async\" src=\"https:\/\/ads.tetovasot.com\/www\/delivery\/lg.php?bannerid=0&amp;campaignid=0&amp;zoneid=215&amp;loc=https%3A%2F%2Fwww.tetovasot.com%2F2025%2F01%2Fpolonia-merr-presidencen-e-be-se-me-fokus-sigurine%2F&amp;referer=https%3A%2F%2Ffax.al%2F&amp;cb=c91d21b8f1\" alt=\"\"\/><\/figure>\n\n\n\n<p>\u201cK\u00ebt\u00eb vit ne duhet t\u00eb vazhdojm\u00eb t\u00eb q\u00ebndrojm\u00eb me Ukrain\u00ebn \u2013 aq sa \u00ebsht\u00eb e nevojshme, p\u00ebr aq koh\u00eb sa duhet, p\u00ebr t\u00eb fituar nj\u00eb paqe gjith\u00ebp\u00ebrfshir\u00ebse, t\u00eb drejt\u00eb dhe t\u00eb q\u00ebndrueshme\u201d, tha Costa.<\/p>\n\n\n\n<p>\u201cP\u00ebr k\u00ebt\u00eb, ne duhet t\u00eb vazhdojm\u00eb ta shohim mbrojtjen si nj\u00eb prioritet strategjik p\u00ebr Bashkimin Evropian\u201d, shtoi ai.<\/p>\n\n\n\n<figure class=\"wp-block-image\"><img decoding=\"async\" src=\"https:\/\/ads.tetovasot.com\/www\/delivery\/lg.php?bannerid=0&amp;campaignid=0&amp;zoneid=176&amp;loc=https%3A%2F%2Fwww.tetovasot.com%2F2025%2F01%2Fpolonia-merr-presidencen-e-be-se-me-fokus-sigurine%2F&amp;referer=https%3A%2F%2Ffax.al%2F&amp;cb=9fa3ecc566\" alt=\"\"\/><\/figure>\n\n\n\n<p>Raportohet se Tusk shpreson \u201ct\u00eb udh\u00ebheq\u00eb nj\u00eb riorganizim n\u00eb BE kur b\u00ebhet fjal\u00eb p\u00ebr nd\u00ebrtimin e nj\u00eb koalicioni rreth mb\u00ebshtetjes p\u00ebr Ukrain\u00ebn dhe paqes kuptimplot\u00eb\u201d.<\/p>\n\n\n\n<p>Tusk, nj\u00eb ish-president i K\u00ebshillit Evropian, i cili m\u00eb par\u00eb ka sh\u00ebrbyer edhe si kreu i Partis\u00eb Popullore Evropiane t\u00eb qendr\u00ebs s\u00eb djatht\u00eb, \u00ebsht\u00eb nj\u00eb figur\u00eb e lidhur mir\u00eb n\u00eb sken\u00ebn e BE-s\u00eb.<\/p>\n\n\n\n<p>Por nd\u00ebrsa kryeqytetet evropiane p\u00ebrballen me vendime t\u00eb v\u00ebshtira p\u00ebr \u00e7\u00ebshtje t\u00eb tilla si t\u00eb forcojn\u00eb dhe financojn\u00eb shpenzimet e mbrojtjes, analist\u00ebt thon\u00eb se Varshava nuk ka gjasa t\u00eb jet\u00eb n\u00eb gjendje t\u00eb udh\u00ebheq\u00eb vet\u00eb.<\/p>\n\n\n\n<p>Piotr Buras, kreu i zyr\u00ebs s\u00eb K\u00ebshillit Evropian t\u00eb Marr\u00ebdh\u00ebnieve me Jasht\u00eb n\u00eb Varshav\u00eb, tha se sfidat me t\u00eb cilat p\u00ebrballet BE tejkalojn\u00eb kapacitetin dhe horizontin kohor t\u00eb \u00e7do presidence gjasht\u00ebmujore.<\/p>\n\n\n\n<p>\u201cKy \u00ebsht\u00eb nj\u00eb moment ky\u00e7 p\u00ebr Evrop\u00ebn mbi t\u00eb gjitha p\u00ebr shkak t\u00eb ardhjes s\u00eb Trumpit dhe situat\u00ebs n\u00eb Ukrain\u00eb, por edhe \u00e7\u00ebshtjeve q\u00eb lidhen me ekonomin\u00eb m\u00eb t\u00eb gjer\u00eb, konkurrenc\u00ebn dhe ndoshta luft\u00ebn tregtare\u201d, tha Buras.<\/p>\n\n\n\n<p>Lidhur me sigurin\u00eb kolektive t\u00eb Evrop\u00ebs dhe mb\u00ebshtetjen p\u00ebr Kievin, disa analist\u00eb than\u00eb se Gjermania, ekonomia m\u00eb e madhe e Evrop\u00ebs, mund t\u00eb marr\u00eb nj\u00eb rol m\u00eb t\u00eb madh pas zgjedhjeve t\u00eb saj komb\u00ebtare t\u00eb 23 shkurtit.<\/p>\n\n\n\n<p>\u201cShpresa e vetme \u00ebsht\u00eb se udh\u00ebheqja e re gjermane do t\u00eb vendos\u00eb t\u00eb mbaj\u00eb nj\u00eb q\u00ebndrim shum\u00eb m\u00eb aktiv dhe m\u00eb bindsh\u00ebm\u201d, tha Peter Bator, ish-ambasador sllovak n\u00eb NATO.<\/p>\n\n\n\n<figure class=\"wp-block-image\"><img decoding=\"async\" src=\"https:\/\/ads.tetovasot.com\/www\/delivery\/lg.php?bannerid=0&amp;campaignid=0&amp;zoneid=258&amp;loc=https%3A%2F%2Fwww.tetovasot.com%2F2025%2F01%2Fpolonia-merr-presidencen-e-be-se-me-fokus-sigurine%2F&amp;referer=https%3A%2F%2Ffax.al%2F&amp;cb=eccf43d416\" alt=\"\"\/><\/figure>\n","protected":false},"excerpt":{"rendered":"<p>Polonia nisi presidenc&euml;n e saj t&euml; K&euml;shillit t&euml; Bashkimit Evropian e zhytur n&euml; nj&euml; mosmarr&euml;veshje diplomatike me Hungarin&euml; q&euml; n&euml;nvizoi nj&euml; ndjenj&euml; t&euml; thelluar t&euml; p&euml;r&ccedil;arjes politike n&euml; t&euml; gjith&euml; Evrop&euml;n.BE-ja po p&euml;rgatitet p&euml;r kthimin e Donald Trump n&euml; Sht&euml;pin&euml; e Bardh&euml; k&euml;t&euml; muaj n&euml; nj&euml; platform&euml; &ldquo;America First&rdquo; dhe vendosjen e mundshme t&euml; tarifave [&hellip;]<\/p>\n","protected":false},"author":2,"featured_media":39774,"comment_status":"open","ping_status":"closed","sticky":false,"template":"","format":"standard","meta":{"_monsterinsights_skip_tracking":false,"_monsterinsights_sitenote_active":false,"_monsterinsights_sitenote_note":"","_monsterinsights_sitenote_category":0,"footnotes":""},"categories":[569],"tags":[],"class_list":["post-39773","post","type-post","status-publish","format-standard","has-post-thumbnail","hentry","category-bota"],"_links":{"self":[{"href":"https:\/\/radiojehona.mk\/index.php?rest_route=\/wp\/v2\/posts\/39773","targetHints":{"allow":["GET"]}}],"collection":[{"href":"https:\/\/radiojehona.mk\/index.php?rest_route=\/wp\/v2\/posts"}],"about":[{"href":"https:\/\/radiojehona.mk\/index.php?rest_route=\/wp\/v2\/types\/post"}],"author":[{"embeddable":true,"href":"https:\/\/radiojehona.mk\/index.php?rest_route=\/wp\/v2\/users\/2"}],"replies":[{"embeddable":true,"href":"https:\/\/radiojehona.mk\/index.php?rest_route=%2Fwp%2Fv2%2Fcomments&post=39773"}],"version-history":[{"count":2,"href":"https:\/\/radiojehona.mk\/index.php?rest_route=\/wp\/v2\/posts\/39773\/revisions"}],"predecessor-version":[{"id":39776,"href":"https:\/\/radiojehona.mk\/index.php?rest_route=\/wp\/v2\/posts\/39773\/revisions\/39776"}],"wp:featuredmedia":[{"embeddable":true,"href":"https:\/\/radiojehona.mk\/index.php?rest_route=\/wp\/v2\/media\/39774"}],"wp:attachment":[{"href":"https:\/\/radiojehona.mk\/index.php?rest_route=%2Fwp%2Fv2%2Fmedia&parent=39773"}],"wp:term":[{"taxonomy":"category","embeddable":true,"href":"https:\/\/radiojehona.mk\/index.php?rest_route=%2Fwp%2Fv2%2Fcategories&post=39773"},{"taxonomy":"post_tag","embeddable":true,"href":"https:\/\/radiojehona.mk\/index.php?rest_route=%2Fwp%2Fv2%2Ftags&post=39773"}],"curies":[{"name":"wp","href":"https:\/\/api.w.org\/{rel}","templated":true}]}}