{"id":39764,"date":"2025-01-04T11:37:13","date_gmt":"2025-01-04T11:37:13","guid":{"rendered":"https:\/\/radiojehona.com\/?p=39764"},"modified":"2025-01-04T11:37:14","modified_gmt":"2025-01-04T11:37:14","slug":"prej-sot-do-te-leshohet-rruga-e-shpejte-kumanove-stracin-kriva-pallanke","status":"publish","type":"post","link":"https:\/\/radiojehona.mk\/?p=39764","title":{"rendered":"Prej sot do t\u00eb l\u00ebshohet rruga e shpejt\u00eb Kumanov\u00eb (Stracin) \u2013 Kriva Pallank\u00eb"},"content":{"rendered":"\n<figure class=\"wp-block-image size-large\"><img fetchpriority=\"high\" decoding=\"async\" width=\"1024\" height=\"593\" src=\"https:\/\/radiojehona.com\/wp-content\/uploads\/2025\/01\/IMG_0300-1024x593.jpeg\" alt=\"\" class=\"wp-image-39765\" srcset=\"https:\/\/radiojehona.mk\/wp-content\/uploads\/2025\/01\/IMG_0300-1024x593.jpeg 1024w, https:\/\/radiojehona.mk\/wp-content\/uploads\/2025\/01\/IMG_0300-300x174.jpeg 300w, https:\/\/radiojehona.mk\/wp-content\/uploads\/2025\/01\/IMG_0300-768x445.jpeg 768w, https:\/\/radiojehona.mk\/wp-content\/uploads\/2025\/01\/IMG_0300.jpeg 1125w\" sizes=\"(max-width: 1024px) 100vw, 1024px\" \/><\/figure>\n\n\n\n<p>Autostrada e shpejt\u00eb Rankovce-Kriva Pallank\u00eb n\u00eb Korridorin 8, n\u00eb gjat\u00ebsi prej 25,5 kilometra, sot do t\u00eb l\u00ebshohet n\u00eb p\u00ebrdorim.<\/p>\n\n\n\n<p>Nd\u00ebrtimi filloi n\u00eb maj t\u00eb vitit 2018.<\/p>\n\n\n\n<p>Nd\u00ebrskaq kryeministri Mickoski ka b\u00ebr\u00eb me dije se n\u00eb gjysm\u00ebn e dyt\u00eb t\u00eb k\u00ebtij muaji do t\u00eb hapet pjesa e autostrad\u00ebs Gradsko-Farish, si dhe pjesa e par\u00eb e hekurudh\u00ebs p\u00ebr n\u00eb Bullgari, Kumanov\u00ebn- Beljakovce.<\/p>\n","protected":false},"excerpt":{"rendered":"<p>Autostrada e shpejt&euml; Rankovce-Kriva Pallank&euml; n&euml; Korridorin 8, n&euml; gjat&euml;si prej 25,5 kilometra, sot do t&euml; l&euml;shohet n&euml; p&euml;rdorim. Nd&euml;rtimi filloi n&euml; maj t&euml; vitit 2018. Nd&euml;rskaq kryeministri Mickoski ka b&euml;r&euml; me dije se n&euml; gjysm&euml;n e dyt&euml; t&euml; k&euml;tij muaji do t&euml; hapet pjesa e autostrad&euml;s Gradsko-Farish, si dhe pjesa e par&euml; e hekurudh&euml;s [&hellip;]<\/p>\n","protected":false},"author":2,"featured_media":39765,"comment_status":"open","ping_status":"closed","sticky":false,"template":"","format":"standard","meta":{"_monsterinsights_skip_tracking":false,"_monsterinsights_sitenote_active":false,"_monsterinsights_sitenote_note":"","_monsterinsights_sitenote_category":0,"footnotes":""},"categories":[1],"tags":[],"class_list":["post-39764","post","type-post","status-publish","format-standard","has-post-thumbnail","hentry","category-vendi"],"_links":{"self":[{"href":"https:\/\/radiojehona.mk\/index.php?rest_route=\/wp\/v2\/posts\/39764","targetHints":{"allow":["GET"]}}],"collection":[{"href":"https:\/\/radiojehona.mk\/index.php?rest_route=\/wp\/v2\/posts"}],"about":[{"href":"https:\/\/radiojehona.mk\/index.php?rest_route=\/wp\/v2\/types\/post"}],"author":[{"embeddable":true,"href":"https:\/\/radiojehona.mk\/index.php?rest_route=\/wp\/v2\/users\/2"}],"replies":[{"embeddable":true,"href":"https:\/\/radiojehona.mk\/index.php?rest_route=%2Fwp%2Fv2%2Fcomments&post=39764"}],"version-history":[{"count":2,"href":"https:\/\/radiojehona.mk\/index.php?rest_route=\/wp\/v2\/posts\/39764\/revisions"}],"predecessor-version":[{"id":39767,"href":"https:\/\/radiojehona.mk\/index.php?rest_route=\/wp\/v2\/posts\/39764\/revisions\/39767"}],"wp:featuredmedia":[{"embeddable":true,"href":"https:\/\/radiojehona.mk\/index.php?rest_route=\/wp\/v2\/media\/39765"}],"wp:attachment":[{"href":"https:\/\/radiojehona.mk\/index.php?rest_route=%2Fwp%2Fv2%2Fmedia&parent=39764"}],"wp:term":[{"taxonomy":"category","embeddable":true,"href":"https:\/\/radiojehona.mk\/index.php?rest_route=%2Fwp%2Fv2%2Fcategories&post=39764"},{"taxonomy":"post_tag","embeddable":true,"href":"https:\/\/radiojehona.mk\/index.php?rest_route=%2Fwp%2Fv2%2Ftags&post=39764"}],"curies":[{"name":"wp","href":"https:\/\/api.w.org\/{rel}","templated":true}]}}