{"id":39761,"date":"2025-01-04T11:34:42","date_gmt":"2025-01-04T11:34:42","guid":{"rendered":"https:\/\/radiojehona.com\/?p=39761"},"modified":"2025-01-04T11:34:42","modified_gmt":"2025-01-04T11:34:42","slug":"sot-varrosen-viktimat-e-familjes-arsllani","status":"publish","type":"post","link":"https:\/\/radiojehona.mk\/?p=39761","title":{"rendered":"Sot varrosen viktimat e familjes Arsllani"},"content":{"rendered":"\n<figure class=\"wp-block-image size-large\"><img fetchpriority=\"high\" decoding=\"async\" width=\"1024\" height=\"654\" src=\"https:\/\/radiojehona.com\/wp-content\/uploads\/2025\/01\/IMG_0279-1024x654.jpeg\" alt=\"\" class=\"wp-image-39712\" srcset=\"https:\/\/radiojehona.mk\/wp-content\/uploads\/2025\/01\/IMG_0279-1024x654.jpeg 1024w, https:\/\/radiojehona.mk\/wp-content\/uploads\/2025\/01\/IMG_0279-300x191.jpeg 300w, https:\/\/radiojehona.mk\/wp-content\/uploads\/2025\/01\/IMG_0279-768x490.jpeg 768w, https:\/\/radiojehona.mk\/wp-content\/uploads\/2025\/01\/IMG_0279.jpeg 1125w\" sizes=\"(max-width: 1024px) 100vw, 1024px\" \/><\/figure>\n\n\n\n<p>Nj\u00eb aksident tragjik ka tronditur Maqedonin\u00eb e Veriut nat\u00ebn e s\u00eb enjtes kur nj\u00eb vetur\u00eb q\u00eb udh\u00ebtonte n\u00eb af\u00ebrsi t\u00eb Shkupit ka dal\u00eb nga rruga dhe ka p\u00ebrfunduar n\u00eb lumin Vardar.<\/p>\n\n\n\n<p>Aksidenti ndodhi t\u00eb enjten, kur vetura, q\u00eb transportonte pes\u00eb persona, humbi kontrollin dhe doli nga rruga. Kat\u00ebr nga pasagjer\u00ebt humb\u00ebn jet\u00ebn, nd\u00ebrsa vet\u00ebm f\u00ebmija shp\u00ebtoi nga tragjedia. Viktimat jan\u00eb pjes\u00eb e familjes Arsllani nga fshati G\u00ebr\u00e7eci n\u00eb Komun\u00ebn e Sarajit, af\u00ebr Shkupit.<\/p>\n\n\n\n<p>Ngjarja ka shkaktuar trishtim t\u00eb thell\u00eb dhe ka l\u00ebn\u00eb t\u00eb tronditur mbar\u00eb vendin. Policia dhe autoritetet e siguris\u00eb po hetojn\u00eb shkaqet e aksidentit. N\u00eb nd\u00ebrkoh\u00eb, \u00ebsht\u00eb kryer edhe obduksioni i trupave dhe t\u00eb nj\u00ebjtit sot varrosen n\u00eb varrezat e fshatit G\u00ebr\u00e7ec.<\/p>\n","protected":false},"excerpt":{"rendered":"<p>Nj&euml; aksident tragjik ka tronditur Maqedonin&euml; e Veriut nat&euml;n e s&euml; enjtes kur nj&euml; vetur&euml; q&euml; udh&euml;tonte n&euml; af&euml;rsi t&euml; Shkupit ka dal&euml; nga rruga dhe ka p&euml;rfunduar n&euml; lumin Vardar. Aksidenti ndodhi t&euml; enjten, kur vetura, q&euml; transportonte pes&euml; persona, humbi kontrollin dhe doli nga rruga. Kat&euml;r nga pasagjer&euml;t humb&euml;n jet&euml;n, nd&euml;rsa vet&euml;m f&euml;mija [&hellip;]<\/p>\n","protected":false},"author":2,"featured_media":39712,"comment_status":"open","ping_status":"closed","sticky":false,"template":"","format":"standard","meta":{"_monsterinsights_skip_tracking":false,"_monsterinsights_sitenote_active":false,"_monsterinsights_sitenote_note":"","_monsterinsights_sitenote_category":0,"footnotes":""},"categories":[1],"tags":[],"class_list":["post-39761","post","type-post","status-publish","format-standard","has-post-thumbnail","hentry","category-vendi"],"_links":{"self":[{"href":"https:\/\/radiojehona.mk\/index.php?rest_route=\/wp\/v2\/posts\/39761","targetHints":{"allow":["GET"]}}],"collection":[{"href":"https:\/\/radiojehona.mk\/index.php?rest_route=\/wp\/v2\/posts"}],"about":[{"href":"https:\/\/radiojehona.mk\/index.php?rest_route=\/wp\/v2\/types\/post"}],"author":[{"embeddable":true,"href":"https:\/\/radiojehona.mk\/index.php?rest_route=\/wp\/v2\/users\/2"}],"replies":[{"embeddable":true,"href":"https:\/\/radiojehona.mk\/index.php?rest_route=%2Fwp%2Fv2%2Fcomments&post=39761"}],"version-history":[{"count":2,"href":"https:\/\/radiojehona.mk\/index.php?rest_route=\/wp\/v2\/posts\/39761\/revisions"}],"predecessor-version":[{"id":39763,"href":"https:\/\/radiojehona.mk\/index.php?rest_route=\/wp\/v2\/posts\/39761\/revisions\/39763"}],"wp:featuredmedia":[{"embeddable":true,"href":"https:\/\/radiojehona.mk\/index.php?rest_route=\/wp\/v2\/media\/39712"}],"wp:attachment":[{"href":"https:\/\/radiojehona.mk\/index.php?rest_route=%2Fwp%2Fv2%2Fmedia&parent=39761"}],"wp:term":[{"taxonomy":"category","embeddable":true,"href":"https:\/\/radiojehona.mk\/index.php?rest_route=%2Fwp%2Fv2%2Fcategories&post=39761"},{"taxonomy":"post_tag","embeddable":true,"href":"https:\/\/radiojehona.mk\/index.php?rest_route=%2Fwp%2Fv2%2Ftags&post=39761"}],"curies":[{"name":"wp","href":"https:\/\/api.w.org\/{rel}","templated":true}]}}