{"id":39755,"date":"2025-01-04T11:31:04","date_gmt":"2025-01-04T11:31:04","guid":{"rendered":"https:\/\/radiojehona.com\/?p=39755"},"modified":"2025-01-04T11:31:04","modified_gmt":"2025-01-04T11:31:04","slug":"rriten-pensionet-nga-muaji-prill-pensionistet-do-te-marrin-2-500-denare-me-shume","status":"publish","type":"post","link":"https:\/\/radiojehona.mk\/?p=39755","title":{"rendered":"Rriten pensionet\/ Nga muaji prill, pensionist\u00ebt do t\u00eb marrin 2.500 denar\u00eb m\u00eb shum\u00eb"},"content":{"rendered":"\n<figure class=\"wp-block-image size-full\"><img fetchpriority=\"high\" decoding=\"async\" width=\"670\" height=\"447\" src=\"https:\/\/radiojehona.com\/wp-content\/uploads\/2024\/11\/denar.jpg\" alt=\"\" class=\"wp-image-37630\" srcset=\"https:\/\/radiojehona.mk\/wp-content\/uploads\/2024\/11\/denar.jpg 670w, https:\/\/radiojehona.mk\/wp-content\/uploads\/2024\/11\/denar-300x200.jpg 300w\" sizes=\"(max-width: 670px) 100vw, 670px\" \/><\/figure>\n\n\n\n<p>\u201cMe pages\u00ebn e pensionit t\u00eb marsit m\u00eb 1 prill, pensionist\u00ebt duhet t\u00eb marrin pjes\u00ebn e dyt\u00eb t\u00eb 5000 denar\u00ebve t\u00eb premtuar nga qeveria, gjegj\u00ebsisht nga VMRO n\u00eb fushat\u00ebn parazgjedhore p\u00ebr zgjedhjet parlamentare. Pjes\u00ebn e par\u00eb prej 2.500 denar\u00eb pensionist\u00ebt e kan\u00eb marr\u00eb nga rritja lineare me pensionin e tetorit\u201d, tha kryeministri i vendit, Hristijan Mickoski.<\/p>\n\n\n\n<p>Nga Qeveria thon\u00eb se parat\u00eb p\u00ebr k\u00ebt\u00eb q\u00ebllim jan\u00eb parapar\u00eb n\u00eb Buxhet dhe nuk presin turbullira n\u00eb fondin e sigurimeve pensionale dhe invalidor.<\/p>\n","protected":false},"excerpt":{"rendered":"<p>&ldquo;Me pages&euml;n e pensionit t&euml; marsit m&euml; 1 prill, pensionist&euml;t duhet t&euml; marrin pjes&euml;n e dyt&euml; t&euml; 5000 denar&euml;ve t&euml; premtuar nga qeveria, gjegj&euml;sisht nga VMRO n&euml; fushat&euml;n parazgjedhore p&euml;r zgjedhjet parlamentare. Pjes&euml;n e par&euml; prej 2.500 denar&euml; pensionist&euml;t e kan&euml; marr&euml; nga rritja lineare me pensionin e tetorit&rdquo;, tha kryeministri i vendit, Hristijan Mickoski. [&hellip;]<\/p>\n","protected":false},"author":2,"featured_media":37630,"comment_status":"open","ping_status":"closed","sticky":false,"template":"","format":"standard","meta":{"_monsterinsights_skip_tracking":false,"_monsterinsights_sitenote_active":false,"_monsterinsights_sitenote_note":"","_monsterinsights_sitenote_category":0,"footnotes":""},"categories":[1],"tags":[],"class_list":["post-39755","post","type-post","status-publish","format-standard","has-post-thumbnail","hentry","category-vendi"],"_links":{"self":[{"href":"https:\/\/radiojehona.mk\/index.php?rest_route=\/wp\/v2\/posts\/39755","targetHints":{"allow":["GET"]}}],"collection":[{"href":"https:\/\/radiojehona.mk\/index.php?rest_route=\/wp\/v2\/posts"}],"about":[{"href":"https:\/\/radiojehona.mk\/index.php?rest_route=\/wp\/v2\/types\/post"}],"author":[{"embeddable":true,"href":"https:\/\/radiojehona.mk\/index.php?rest_route=\/wp\/v2\/users\/2"}],"replies":[{"embeddable":true,"href":"https:\/\/radiojehona.mk\/index.php?rest_route=%2Fwp%2Fv2%2Fcomments&post=39755"}],"version-history":[{"count":2,"href":"https:\/\/radiojehona.mk\/index.php?rest_route=\/wp\/v2\/posts\/39755\/revisions"}],"predecessor-version":[{"id":39757,"href":"https:\/\/radiojehona.mk\/index.php?rest_route=\/wp\/v2\/posts\/39755\/revisions\/39757"}],"wp:featuredmedia":[{"embeddable":true,"href":"https:\/\/radiojehona.mk\/index.php?rest_route=\/wp\/v2\/media\/37630"}],"wp:attachment":[{"href":"https:\/\/radiojehona.mk\/index.php?rest_route=%2Fwp%2Fv2%2Fmedia&parent=39755"}],"wp:term":[{"taxonomy":"category","embeddable":true,"href":"https:\/\/radiojehona.mk\/index.php?rest_route=%2Fwp%2Fv2%2Fcategories&post=39755"},{"taxonomy":"post_tag","embeddable":true,"href":"https:\/\/radiojehona.mk\/index.php?rest_route=%2Fwp%2Fv2%2Ftags&post=39755"}],"curies":[{"name":"wp","href":"https:\/\/api.w.org\/{rel}","templated":true}]}}