{"id":39751,"date":"2025-01-04T11:29:10","date_gmt":"2025-01-04T11:29:10","guid":{"rendered":"https:\/\/radiojehona.com\/?p=39751"},"modified":"2025-01-04T11:29:11","modified_gmt":"2025-01-04T11:29:11","slug":"zheline-23-vjecari-kryen-akte-seksuale-ndaj-nje-te-miture-prokuroria-nis-procedure-hetimore","status":"publish","type":"post","link":"https:\/\/radiojehona.mk\/?p=39751","title":{"rendered":"Zhelin\u00eb\/ 23-vje\u00e7ari kryen akte seksuale ndaj nj\u00eb t\u00eb miture, Prokuroria nis procedur\u00eb hetimore"},"content":{"rendered":"\n<figure class=\"wp-block-image size-large\"><img fetchpriority=\"high\" decoding=\"async\" width=\"1024\" height=\"608\" src=\"https:\/\/radiojehona.com\/wp-content\/uploads\/2025\/01\/IMG_0298-1024x608.jpeg\" alt=\"\" class=\"wp-image-39752\" srcset=\"https:\/\/radiojehona.mk\/wp-content\/uploads\/2025\/01\/IMG_0298-1024x608.jpeg 1024w, https:\/\/radiojehona.mk\/wp-content\/uploads\/2025\/01\/IMG_0298-300x178.jpeg 300w, https:\/\/radiojehona.mk\/wp-content\/uploads\/2025\/01\/IMG_0298-768x456.jpeg 768w, https:\/\/radiojehona.mk\/wp-content\/uploads\/2025\/01\/IMG_0298.jpeg 1125w\" sizes=\"(max-width: 1024px) 100vw, 1024px\" \/><\/figure>\n\n\n\n<p><strong>Ndaj nj\u00eb 23 vje\u00e7ari i cili dyshohet se ka kryer akte seksuale ndaj nj\u00eb f\u00ebmije n\u00ebn mosh\u00ebn 15 vje\u00e7are n\u00eb Zhelin\u00eb ka filluar procedura hetimore, e cila \u00ebsht\u00eb vep\u00ebr penale e d\u00ebnueshme nga neni 188 paragrafi 5 lidhur me paragrafin 2 dhe paragrafin 1 t\u00eb Kodit Penal.<\/strong><\/p>\n\n\n\n<p>Gjyqtari i procedur\u00ebs paraprake nga Gjykata Themelore n\u00eb Tetov\u00eb, me k\u00ebrkes\u00eb t\u00eb prokurorit publik i ka caktuar mas\u00ebn e paraburgimit n\u00eb koh\u00ebzgjatje prej 30 dit\u00ebsh.<\/p>\n\n\n\n<p>Prokuroria Publike e Shtetit ka njoftuar sot se i dyshuari m\u00eb 2 janar n\u00eb or\u00ebt e mbr\u00ebmjes e ka ndaluar f\u00ebmij\u00ebn 11-vje\u00e7ar dhe e ka t\u00ebrhequr zvarr\u00eb n\u00eb nj\u00eb objekt n\u00eb nd\u00ebrtim af\u00ebr sht\u00ebpis\u00eb s\u00eb tij n\u00eb Zhelin\u00eb, pas s\u00eb cil\u00ebs ka filluar t\u00eb kryej\u00eb akte t\u00eb tjera seksuale. p\u00ebrball\u00eb tij. F\u00ebmija ka thirrur p\u00ebr ndihm\u00eb, por i dyshuari nuk e ka l\u00ebn\u00eb t\u00eb largohet, derisa babai i f\u00ebmij\u00ebs i ka d\u00ebgjuar thirrjet dhe ka shkuar, derisa i dyshuari m\u00eb pastaj ka ikur.<\/p>\n","protected":false},"excerpt":{"rendered":"<p>Ndaj nj&euml; 23 vje&ccedil;ari i cili dyshohet se ka kryer akte seksuale ndaj nj&euml; f&euml;mije n&euml;n mosh&euml;n 15 vje&ccedil;are n&euml; Zhelin&euml; ka filluar procedura hetimore, e cila &euml;sht&euml; vep&euml;r penale e d&euml;nueshme nga neni 188 paragrafi 5 lidhur me paragrafin 2 dhe paragrafin 1 t&euml; Kodit Penal. Gjyqtari i procedur&euml;s paraprake nga Gjykata Themelore n&euml; [&hellip;]<\/p>\n","protected":false},"author":2,"featured_media":39752,"comment_status":"open","ping_status":"closed","sticky":false,"template":"","format":"standard","meta":{"_monsterinsights_skip_tracking":false,"_monsterinsights_sitenote_active":false,"_monsterinsights_sitenote_note":"","_monsterinsights_sitenote_category":0,"footnotes":""},"categories":[1],"tags":[],"class_list":["post-39751","post","type-post","status-publish","format-standard","has-post-thumbnail","hentry","category-vendi"],"_links":{"self":[{"href":"https:\/\/radiojehona.mk\/index.php?rest_route=\/wp\/v2\/posts\/39751","targetHints":{"allow":["GET"]}}],"collection":[{"href":"https:\/\/radiojehona.mk\/index.php?rest_route=\/wp\/v2\/posts"}],"about":[{"href":"https:\/\/radiojehona.mk\/index.php?rest_route=\/wp\/v2\/types\/post"}],"author":[{"embeddable":true,"href":"https:\/\/radiojehona.mk\/index.php?rest_route=\/wp\/v2\/users\/2"}],"replies":[{"embeddable":true,"href":"https:\/\/radiojehona.mk\/index.php?rest_route=%2Fwp%2Fv2%2Fcomments&post=39751"}],"version-history":[{"count":2,"href":"https:\/\/radiojehona.mk\/index.php?rest_route=\/wp\/v2\/posts\/39751\/revisions"}],"predecessor-version":[{"id":39754,"href":"https:\/\/radiojehona.mk\/index.php?rest_route=\/wp\/v2\/posts\/39751\/revisions\/39754"}],"wp:featuredmedia":[{"embeddable":true,"href":"https:\/\/radiojehona.mk\/index.php?rest_route=\/wp\/v2\/media\/39752"}],"wp:attachment":[{"href":"https:\/\/radiojehona.mk\/index.php?rest_route=%2Fwp%2Fv2%2Fmedia&parent=39751"}],"wp:term":[{"taxonomy":"category","embeddable":true,"href":"https:\/\/radiojehona.mk\/index.php?rest_route=%2Fwp%2Fv2%2Fcategories&post=39751"},{"taxonomy":"post_tag","embeddable":true,"href":"https:\/\/radiojehona.mk\/index.php?rest_route=%2Fwp%2Fv2%2Ftags&post=39751"}],"curies":[{"name":"wp","href":"https:\/\/api.w.org\/{rel}","templated":true}]}}