{"id":39748,"date":"2025-01-04T11:27:44","date_gmt":"2025-01-04T11:27:44","guid":{"rendered":"https:\/\/radiojehona.com\/?p=39748"},"modified":"2025-01-04T11:27:45","modified_gmt":"2025-01-04T11:27:45","slug":"hiqet-ndalesa-per-qarkullimin-e-automjeteve-te-renda-ne-rruget-gostivar-mavrove-diber-dhe-gostivar-strazhe","status":"publish","type":"post","link":"https:\/\/radiojehona.mk\/?p=39748","title":{"rendered":"Hiqet ndalesa p\u00ebr qarkullimin e automjeteve t\u00eb r\u00ebnda n\u00eb rrug\u00ebt Gostivar-Mavrov\u00eb-Dib\u00ebr dhe Gostivar-Strazh\u00eb"},"content":{"rendered":"\n<figure class=\"wp-block-image size-large\"><img fetchpriority=\"high\" decoding=\"async\" width=\"1024\" height=\"624\" src=\"https:\/\/radiojehona.com\/wp-content\/uploads\/2025\/01\/IMG_0297-1024x624.jpeg\" alt=\"\" class=\"wp-image-39749\" srcset=\"https:\/\/radiojehona.mk\/wp-content\/uploads\/2025\/01\/IMG_0297-1024x624.jpeg 1024w, https:\/\/radiojehona.mk\/wp-content\/uploads\/2025\/01\/IMG_0297-300x183.jpeg 300w, https:\/\/radiojehona.mk\/wp-content\/uploads\/2025\/01\/IMG_0297-768x468.jpeg 768w, https:\/\/radiojehona.mk\/wp-content\/uploads\/2025\/01\/IMG_0297.jpeg 1125w\" sizes=\"(max-width: 1024px) 100vw, 1024px\" \/><\/figure>\n\n\n\n<p>Nga m\u00ebngjesi i sot\u00ebm \u00ebsht\u00eb hequr ndalimi i qarkullimit p\u00ebr automjetet e r\u00ebnda n\u00eb rrug\u00ebt Gostivar \u2013 Mavrov\u00eb \u2013 Dib\u00ebr dhe Gostivar \u2013 Strazh\u00eb, njofton LAMM.<\/p>\n\n\n\n<p><br>Nga aty shtojn\u00eb se qarkullimi n\u00eb rrug\u00ebt shtet\u00ebrore zhvillohet n\u00eb kushte dim\u00ebrore, nd\u00ebrsa n\u00eb pjes\u00eb t\u00eb caktuara t\u00eb rrug\u00ebve ka trotuare t\u00eb lag\u00ebshta.<\/p>\n\n\n\n<p>Gjithashtu, LAMM kujton se q\u00eb nga dita e djeshme \u00ebsht\u00eb ndalur plot\u00ebsisht qarkullimi n\u00eb af\u00ebrsi t\u00eb fshatit Bashino, pran\u00eb ur\u00ebs dhe se kjo ndales\u00eb do t\u00eb zgjas\u00eb p\u00ebr nj\u00eb koh\u00eb t\u00eb gjat\u00eb.<\/p>\n","protected":false},"excerpt":{"rendered":"<p>Nga m&euml;ngjesi i sot&euml;m &euml;sht&euml; hequr ndalimi i qarkullimit p&euml;r automjetet e r&euml;nda n&euml; rrug&euml;t Gostivar &ndash; Mavrov&euml; &ndash; Dib&euml;r dhe Gostivar &ndash; Strazh&euml;, njofton LAMM. Nga aty shtojn&euml; se qarkullimi n&euml; rrug&euml;t shtet&euml;rore zhvillohet n&euml; kushte dim&euml;rore, nd&euml;rsa n&euml; pjes&euml; t&euml; caktuara t&euml; rrug&euml;ve ka trotuare t&euml; lag&euml;shta. Gjithashtu, LAMM kujton se q&euml; nga [&hellip;]<\/p>\n","protected":false},"author":2,"featured_media":39749,"comment_status":"open","ping_status":"closed","sticky":false,"template":"","format":"standard","meta":{"_monsterinsights_skip_tracking":false,"_monsterinsights_sitenote_active":false,"_monsterinsights_sitenote_note":"","_monsterinsights_sitenote_category":0,"footnotes":""},"categories":[1],"tags":[],"class_list":["post-39748","post","type-post","status-publish","format-standard","has-post-thumbnail","hentry","category-vendi"],"_links":{"self":[{"href":"https:\/\/radiojehona.mk\/index.php?rest_route=\/wp\/v2\/posts\/39748","targetHints":{"allow":["GET"]}}],"collection":[{"href":"https:\/\/radiojehona.mk\/index.php?rest_route=\/wp\/v2\/posts"}],"about":[{"href":"https:\/\/radiojehona.mk\/index.php?rest_route=\/wp\/v2\/types\/post"}],"author":[{"embeddable":true,"href":"https:\/\/radiojehona.mk\/index.php?rest_route=\/wp\/v2\/users\/2"}],"replies":[{"embeddable":true,"href":"https:\/\/radiojehona.mk\/index.php?rest_route=%2Fwp%2Fv2%2Fcomments&post=39748"}],"version-history":[{"count":1,"href":"https:\/\/radiojehona.mk\/index.php?rest_route=\/wp\/v2\/posts\/39748\/revisions"}],"predecessor-version":[{"id":39750,"href":"https:\/\/radiojehona.mk\/index.php?rest_route=\/wp\/v2\/posts\/39748\/revisions\/39750"}],"wp:featuredmedia":[{"embeddable":true,"href":"https:\/\/radiojehona.mk\/index.php?rest_route=\/wp\/v2\/media\/39749"}],"wp:attachment":[{"href":"https:\/\/radiojehona.mk\/index.php?rest_route=%2Fwp%2Fv2%2Fmedia&parent=39748"}],"wp:term":[{"taxonomy":"category","embeddable":true,"href":"https:\/\/radiojehona.mk\/index.php?rest_route=%2Fwp%2Fv2%2Fcategories&post=39748"},{"taxonomy":"post_tag","embeddable":true,"href":"https:\/\/radiojehona.mk\/index.php?rest_route=%2Fwp%2Fv2%2Ftags&post=39748"}],"curies":[{"name":"wp","href":"https:\/\/api.w.org\/{rel}","templated":true}]}}