{"id":39744,"date":"2025-01-04T11:24:42","date_gmt":"2025-01-04T11:24:42","guid":{"rendered":"https:\/\/radiojehona.com\/?p=39744"},"modified":"2025-01-04T11:24:42","modified_gmt":"2025-01-04T11:24:42","slug":"prej-sot-e-deri-te-marten-ntp-shkup-do-te-funksionoje-sipas-orarit-te-se-dieles","status":"publish","type":"post","link":"https:\/\/radiojehona.mk\/?p=39744","title":{"rendered":"Prej sot e deri t\u00eb mart\u00ebn, NTP Shkup do t\u00eb funksionoj\u00eb sipas orarit t\u00eb s\u00eb diel\u00ebs"},"content":{"rendered":"\n<figure class=\"wp-block-image size-large\"><img fetchpriority=\"high\" decoding=\"async\" width=\"1024\" height=\"569\" src=\"https:\/\/radiojehona.com\/wp-content\/uploads\/2025\/01\/IMG_0296-1024x569.jpeg\" alt=\"\" class=\"wp-image-39745\" srcset=\"https:\/\/radiojehona.mk\/wp-content\/uploads\/2025\/01\/IMG_0296-1024x569.jpeg 1024w, https:\/\/radiojehona.mk\/wp-content\/uploads\/2025\/01\/IMG_0296-300x167.jpeg 300w, https:\/\/radiojehona.mk\/wp-content\/uploads\/2025\/01\/IMG_0296-768x427.jpeg 768w, https:\/\/radiojehona.mk\/wp-content\/uploads\/2025\/01\/IMG_0296.jpeg 1125w\" sizes=\"(max-width: 1024px) 100vw, 1024px\" \/><\/figure>\n\n\n\n<p>Duke filluar prej sot e deri t\u00eb mart\u00ebn autobus\u00ebt e NTP Shkup do t\u00eb qarkullojn\u00eb me orar javor, nd\u00ebrsa teleferiku do t\u00eb funksionoj\u00eb normalisht nga ora 10 deri n\u00eb 17, njofton Nd\u00ebrmarrja e Komunikacionit Publik.<\/p>\n\n\n\n<p>\u2013 M\u00eb 6 janar 2025 (e h\u00ebn\u00eb) nat\u00ebn e Krishtlindjes, do t\u00eb funksionoj\u00eb sipas orarit t\u00eb s\u00eb diel\u00ebs.<\/p>\n\n\n\n<p>\u2013 M\u00eb 7 janar 2025 (e mart\u00eb) Krishtlindje, do t\u00eb funksionoj\u00eb sipas orarit t\u00eb s\u00eb diel\u00ebs.<\/p>\n\n\n\n<p>Zyrat e biletave dhe qendrat e personalizimit do t\u00eb jen\u00eb n\u00eb sh\u00ebrbim n\u00eb:<\/p>\n\n\n\n<p>\u2013 Qendra e Transportit;<\/p>\n\n\n\n<p>\u2013 Tregu i gjelb\u00ebr.<\/p>\n","protected":false},"excerpt":{"rendered":"<p>Duke filluar prej sot e deri t&euml; mart&euml;n autobus&euml;t e NTP Shkup do t&euml; qarkullojn&euml; me orar javor, nd&euml;rsa teleferiku do t&euml; funksionoj&euml; normalisht nga ora 10 deri n&euml; 17, njofton Nd&euml;rmarrja e Komunikacionit Publik. &ndash; M&euml; 6 janar 2025 (e h&euml;n&euml;) nat&euml;n e Krishtlindjes, do t&euml; funksionoj&euml; sipas orarit t&euml; s&euml; diel&euml;s. &ndash; M&euml; [&hellip;]<\/p>\n","protected":false},"author":2,"featured_media":39745,"comment_status":"open","ping_status":"closed","sticky":false,"template":"","format":"standard","meta":{"_monsterinsights_skip_tracking":false,"_monsterinsights_sitenote_active":false,"_monsterinsights_sitenote_note":"","_monsterinsights_sitenote_category":0,"footnotes":""},"categories":[1],"tags":[],"class_list":["post-39744","post","type-post","status-publish","format-standard","has-post-thumbnail","hentry","category-vendi"],"_links":{"self":[{"href":"https:\/\/radiojehona.mk\/index.php?rest_route=\/wp\/v2\/posts\/39744","targetHints":{"allow":["GET"]}}],"collection":[{"href":"https:\/\/radiojehona.mk\/index.php?rest_route=\/wp\/v2\/posts"}],"about":[{"href":"https:\/\/radiojehona.mk\/index.php?rest_route=\/wp\/v2\/types\/post"}],"author":[{"embeddable":true,"href":"https:\/\/radiojehona.mk\/index.php?rest_route=\/wp\/v2\/users\/2"}],"replies":[{"embeddable":true,"href":"https:\/\/radiojehona.mk\/index.php?rest_route=%2Fwp%2Fv2%2Fcomments&post=39744"}],"version-history":[{"count":2,"href":"https:\/\/radiojehona.mk\/index.php?rest_route=\/wp\/v2\/posts\/39744\/revisions"}],"predecessor-version":[{"id":39747,"href":"https:\/\/radiojehona.mk\/index.php?rest_route=\/wp\/v2\/posts\/39744\/revisions\/39747"}],"wp:featuredmedia":[{"embeddable":true,"href":"https:\/\/radiojehona.mk\/index.php?rest_route=\/wp\/v2\/media\/39745"}],"wp:attachment":[{"href":"https:\/\/radiojehona.mk\/index.php?rest_route=%2Fwp%2Fv2%2Fmedia&parent=39744"}],"wp:term":[{"taxonomy":"category","embeddable":true,"href":"https:\/\/radiojehona.mk\/index.php?rest_route=%2Fwp%2Fv2%2Fcategories&post=39744"},{"taxonomy":"post_tag","embeddable":true,"href":"https:\/\/radiojehona.mk\/index.php?rest_route=%2Fwp%2Fv2%2Ftags&post=39744"}],"curies":[{"name":"wp","href":"https:\/\/api.w.org\/{rel}","templated":true}]}}