{"id":39737,"date":"2025-01-03T20:15:16","date_gmt":"2025-01-03T20:15:16","guid":{"rendered":"https:\/\/radiojehona.com\/?p=39737"},"modified":"2025-01-03T20:15:16","modified_gmt":"2025-01-03T20:15:16","slug":"termet-ne-turqi","status":"publish","type":"post","link":"https:\/\/radiojehona.mk\/?p=39737","title":{"rendered":"T\u00ebrmet n\u00eb Turqi"},"content":{"rendered":"\n<figure class=\"wp-block-image size-large\"><img fetchpriority=\"high\" decoding=\"async\" width=\"1024\" height=\"632\" src=\"https:\/\/radiojehona.com\/wp-content\/uploads\/2025\/01\/IMG_0286-1024x632.jpeg\" alt=\"\" class=\"wp-image-39738\" srcset=\"https:\/\/radiojehona.mk\/wp-content\/uploads\/2025\/01\/IMG_0286-1024x632.jpeg 1024w, https:\/\/radiojehona.mk\/wp-content\/uploads\/2025\/01\/IMG_0286-300x185.jpeg 300w, https:\/\/radiojehona.mk\/wp-content\/uploads\/2025\/01\/IMG_0286-768x474.jpeg 768w, https:\/\/radiojehona.mk\/wp-content\/uploads\/2025\/01\/IMG_0286.jpeg 1125w\" sizes=\"(max-width: 1024px) 100vw, 1024px\" \/><\/figure>\n\n\n\n<p>Nj\u00eb t\u00ebrmet me magnitud\u00eb 4.5 ka goditur Turqin\u00eb k\u00ebt\u00eb t\u00eb premte n\u00eb or\u00ebn 16:51 n\u00eb Detin Mesdhe, n\u00eb Gjirin e Antalias, raportojn\u00eb mediat turke.<\/p>\n\n\n\n<p>L\u00ebkundjet kan\u00eb qen\u00eb t\u00eb ndjeshme n\u00eb thell\u00ebsi 11 kilometra, nd\u00ebrsa nuk raportohet p\u00ebr d\u00ebme n\u00eb banesa.<\/p>\n\n\n\n<figure class=\"wp-block-image\"><img decoding=\"async\" src=\"https:\/\/ads.tv21.tv\/www\/delivery\/lg.php?bannerid=926&amp;campaignid=295&amp;zoneid=31&amp;loc=https%3A%2F%2Ftv21.tv%2Ftermet-ne-turqi-11%2F&amp;referer=https%3A%2F%2Ftv21.tv%2Fcategory%2Fevrope%2F&amp;cb=1fefbcd499\" alt=\"\"\/><\/figure>\n\n\n\n<p>Guvernatori i qarkut t\u00eb Alanyas Fatih Urkmezer tha se t\u00ebrmeti \u00ebsht\u00eb ndjer\u00eb n\u00eb pjes\u00ebn qendrore t\u00eb k\u00ebsaj zone dhe konfirmoi se ekipet e ekspert\u00ebve jan\u00eb n\u00eb terren duke hetuar t\u00ebrmetin.<\/p>\n\n\n\n<p>\u201cNuk ka asnj\u00eb lajm negativ n\u00eb k\u00ebt\u00eb moment\u201d, tha Urkmezer dhe u b\u00ebri thirrje qytetar\u00ebve q\u00eb t\u00eb mos b\u00ebjn\u00eb panik.<\/p>\n","protected":false},"excerpt":{"rendered":"<p>Nj&euml; t&euml;rmet me magnitud&euml; 4.5 ka goditur Turqin&euml; k&euml;t&euml; t&euml; premte n&euml; or&euml;n 16:51 n&euml; Detin Mesdhe, n&euml; Gjirin e Antalias, raportojn&euml; mediat turke. L&euml;kundjet kan&euml; qen&euml; t&euml; ndjeshme n&euml; thell&euml;si 11 kilometra, nd&euml;rsa nuk raportohet p&euml;r d&euml;me n&euml; banesa. Guvernatori i qarkut t&euml; Alanyas Fatih Urkmezer tha se t&euml;rmeti &euml;sht&euml; ndjer&euml; n&euml; pjes&euml;n qendrore [&hellip;]<\/p>\n","protected":false},"author":2,"featured_media":39738,"comment_status":"open","ping_status":"closed","sticky":false,"template":"","format":"standard","meta":{"_monsterinsights_skip_tracking":false,"_monsterinsights_sitenote_active":false,"_monsterinsights_sitenote_note":"","_monsterinsights_sitenote_category":0,"footnotes":""},"categories":[569],"tags":[],"class_list":["post-39737","post","type-post","status-publish","format-standard","has-post-thumbnail","hentry","category-bota"],"_links":{"self":[{"href":"https:\/\/radiojehona.mk\/index.php?rest_route=\/wp\/v2\/posts\/39737","targetHints":{"allow":["GET"]}}],"collection":[{"href":"https:\/\/radiojehona.mk\/index.php?rest_route=\/wp\/v2\/posts"}],"about":[{"href":"https:\/\/radiojehona.mk\/index.php?rest_route=\/wp\/v2\/types\/post"}],"author":[{"embeddable":true,"href":"https:\/\/radiojehona.mk\/index.php?rest_route=\/wp\/v2\/users\/2"}],"replies":[{"embeddable":true,"href":"https:\/\/radiojehona.mk\/index.php?rest_route=%2Fwp%2Fv2%2Fcomments&post=39737"}],"version-history":[{"count":2,"href":"https:\/\/radiojehona.mk\/index.php?rest_route=\/wp\/v2\/posts\/39737\/revisions"}],"predecessor-version":[{"id":39740,"href":"https:\/\/radiojehona.mk\/index.php?rest_route=\/wp\/v2\/posts\/39737\/revisions\/39740"}],"wp:featuredmedia":[{"embeddable":true,"href":"https:\/\/radiojehona.mk\/index.php?rest_route=\/wp\/v2\/media\/39738"}],"wp:attachment":[{"href":"https:\/\/radiojehona.mk\/index.php?rest_route=%2Fwp%2Fv2%2Fmedia&parent=39737"}],"wp:term":[{"taxonomy":"category","embeddable":true,"href":"https:\/\/radiojehona.mk\/index.php?rest_route=%2Fwp%2Fv2%2Fcategories&post=39737"},{"taxonomy":"post_tag","embeddable":true,"href":"https:\/\/radiojehona.mk\/index.php?rest_route=%2Fwp%2Fv2%2Ftags&post=39737"}],"curies":[{"name":"wp","href":"https:\/\/api.w.org\/{rel}","templated":true}]}}