{"id":39730,"date":"2025-01-03T19:48:46","date_gmt":"2025-01-03T19:48:46","guid":{"rendered":"https:\/\/radiojehona.com\/?p=39730"},"modified":"2025-01-03T19:48:47","modified_gmt":"2025-01-03T19:48:47","slug":"reforma-strukturore-ne-shendetesi-mickoski-paralajmeron-mbi-1000-punesime-te-reja","status":"publish","type":"post","link":"https:\/\/radiojehona.mk\/?p=39730","title":{"rendered":"Reforma strukturore n\u00eb sh\u00ebndet\u00ebsi, Mickoski paralajm\u00ebron mbi 1000 pun\u00ebsime t\u00eb reja"},"content":{"rendered":"\n<figure class=\"wp-block-image size-large\"><img fetchpriority=\"high\" decoding=\"async\" width=\"1024\" height=\"704\" src=\"https:\/\/radiojehona.com\/wp-content\/uploads\/2025\/01\/IMG_0284-1024x704.jpeg\" alt=\"\" class=\"wp-image-39731\" srcset=\"https:\/\/radiojehona.mk\/wp-content\/uploads\/2025\/01\/IMG_0284-1024x704.jpeg 1024w, https:\/\/radiojehona.mk\/wp-content\/uploads\/2025\/01\/IMG_0284-300x206.jpeg 300w, https:\/\/radiojehona.mk\/wp-content\/uploads\/2025\/01\/IMG_0284-768x528.jpeg 768w, https:\/\/radiojehona.mk\/wp-content\/uploads\/2025\/01\/IMG_0284.jpeg 1125w\" sizes=\"(max-width: 1024px) 100vw, 1024px\" \/><\/figure>\n\n\n\n<p>Do t\u00eb ket\u00eb reforma strukturore n\u00eb sh\u00ebndet\u00ebsi me q\u00ebllim qytetar\u00ebt t\u00eb ta marrin sh\u00ebrbimin e nevojsh\u00ebm sh\u00ebndet\u00ebsor, p\u00ebrcjell TV21. Kryeministri Mickoski paralajm\u00ebroi mbi 1000 pun\u00ebsime t\u00eb reja n\u00eb sh\u00ebndet\u00ebsi.<\/p>\n\n\n\n<p><strong>\u201cTani do t\u00eb vijojn\u00eb reforma strukturore n\u00eb k\u00ebt\u00eb proces dhe mendoj se me kalimin e koh\u00ebs qytetar\u00ebt do ta marrin sh\u00ebrbimin e nevojsh\u00ebm sh\u00ebndet\u00ebsor. K\u00ebtu ju lutem t\u00eb mos i harrojm\u00eb edhe specializant\u00ebt p\u00ebr t\u00eb cil\u00ebt tham\u00eb se do t\u00eb pun\u00ebsohen, siguruam mjete p\u00ebr ta dhe t\u00eb nj\u00ebjt\u00ebt do t\u00eb pun\u00ebsohen, t\u00eb mos jet\u00eb kaos si\u00e7 ishte deri m\u00eb tani. T\u00eb mos harrojm\u00eb se do t\u00eb kemi mbi 1000 pun\u00ebsime t\u00eb reja, di\u00e7ka q\u00eb e premtoi edhe ministri i sh\u00ebndet\u00ebsis\u00eb. Procedura ka filluar, duhet t\u00eb p\u00ebrfundohen hapat formale, k\u00ebshtu q\u00eb do t\u2019i kushtojm\u00eb shum\u00eb v\u00ebmendje sh\u00ebndet\u00ebsis\u00eb\u201d, tha Hristijan Mickoski, kryeminist\u00ebr.<\/strong><\/p>\n","protected":false},"excerpt":{"rendered":"<p>Do t&euml; ket&euml; reforma strukturore n&euml; sh&euml;ndet&euml;si me q&euml;llim qytetar&euml;t t&euml; ta marrin sh&euml;rbimin e nevojsh&euml;m sh&euml;ndet&euml;sor, p&euml;rcjell TV21. Kryeministri Mickoski paralajm&euml;roi mbi 1000 pun&euml;sime t&euml; reja n&euml; sh&euml;ndet&euml;si. &ldquo;Tani do t&euml; vijojn&euml; reforma strukturore n&euml; k&euml;t&euml; proces dhe mendoj se me kalimin e koh&euml;s qytetar&euml;t do ta marrin sh&euml;rbimin e nevojsh&euml;m sh&euml;ndet&euml;sor. K&euml;tu ju [&hellip;]<\/p>\n","protected":false},"author":2,"featured_media":39731,"comment_status":"open","ping_status":"closed","sticky":false,"template":"","format":"standard","meta":{"_monsterinsights_skip_tracking":false,"_monsterinsights_sitenote_active":false,"_monsterinsights_sitenote_note":"","_monsterinsights_sitenote_category":0,"footnotes":""},"categories":[1],"tags":[],"class_list":["post-39730","post","type-post","status-publish","format-standard","has-post-thumbnail","hentry","category-vendi"],"_links":{"self":[{"href":"https:\/\/radiojehona.mk\/index.php?rest_route=\/wp\/v2\/posts\/39730","targetHints":{"allow":["GET"]}}],"collection":[{"href":"https:\/\/radiojehona.mk\/index.php?rest_route=\/wp\/v2\/posts"}],"about":[{"href":"https:\/\/radiojehona.mk\/index.php?rest_route=\/wp\/v2\/types\/post"}],"author":[{"embeddable":true,"href":"https:\/\/radiojehona.mk\/index.php?rest_route=\/wp\/v2\/users\/2"}],"replies":[{"embeddable":true,"href":"https:\/\/radiojehona.mk\/index.php?rest_route=%2Fwp%2Fv2%2Fcomments&post=39730"}],"version-history":[{"count":2,"href":"https:\/\/radiojehona.mk\/index.php?rest_route=\/wp\/v2\/posts\/39730\/revisions"}],"predecessor-version":[{"id":39733,"href":"https:\/\/radiojehona.mk\/index.php?rest_route=\/wp\/v2\/posts\/39730\/revisions\/39733"}],"wp:featuredmedia":[{"embeddable":true,"href":"https:\/\/radiojehona.mk\/index.php?rest_route=\/wp\/v2\/media\/39731"}],"wp:attachment":[{"href":"https:\/\/radiojehona.mk\/index.php?rest_route=%2Fwp%2Fv2%2Fmedia&parent=39730"}],"wp:term":[{"taxonomy":"category","embeddable":true,"href":"https:\/\/radiojehona.mk\/index.php?rest_route=%2Fwp%2Fv2%2Fcategories&post=39730"},{"taxonomy":"post_tag","embeddable":true,"href":"https:\/\/radiojehona.mk\/index.php?rest_route=%2Fwp%2Fv2%2Ftags&post=39730"}],"curies":[{"name":"wp","href":"https:\/\/api.w.org\/{rel}","templated":true}]}}