{"id":39726,"date":"2025-01-03T19:46:35","date_gmt":"2025-01-03T19:46:35","guid":{"rendered":"https:\/\/radiojehona.com\/?p=39726"},"modified":"2025-01-03T19:46:36","modified_gmt":"2025-01-03T19:46:36","slug":"vrasja-e-ariut-prokuroria-e-manastirit-do-ta-hetoje-rastin","status":"publish","type":"post","link":"https:\/\/radiojehona.mk\/?p=39726","title":{"rendered":"Vrasja e ariut, Prokuroria e Manastirit do ta hetoj\u00eb rastin"},"content":{"rendered":"\n<figure class=\"wp-block-image size-large\"><img fetchpriority=\"high\" decoding=\"async\" width=\"1024\" height=\"489\" src=\"https:\/\/radiojehona.com\/wp-content\/uploads\/2025\/01\/IMG_0283-1024x489.jpeg\" alt=\"\" class=\"wp-image-39727\" srcset=\"https:\/\/radiojehona.mk\/wp-content\/uploads\/2025\/01\/IMG_0283-1024x489.jpeg 1024w, https:\/\/radiojehona.mk\/wp-content\/uploads\/2025\/01\/IMG_0283-300x143.jpeg 300w, https:\/\/radiojehona.mk\/wp-content\/uploads\/2025\/01\/IMG_0283-768x367.jpeg 768w, https:\/\/radiojehona.mk\/wp-content\/uploads\/2025\/01\/IMG_0283.jpeg 1125w\" sizes=\"(max-width: 1024px) 100vw, 1024px\" \/><\/figure>\n\n\n\n<p>Prokuroria e Manastirit do ta hetoj\u00eb rastin me ariun e vrar\u00eb, me t\u00eb cilin ishte fotografuar Zv\/Drejtori i \u201cRrug\u00ebve t\u00eb Maqedonis\u00eb\u201d, Sasho Drango, kuad\u00ebr i VMRO-DPMNE-s\u00eb.<\/p>\n\n\n\n<p>Nnj\u00eb prononcim p\u00ebr mediat, ai ka potencuar se do t\u00eb k\u00ebroj\u00eb falje nga \u201cAnima Mundi\u201d duke konfiruar se s`ka leje p\u00ebr arm\u00eb, kurse pushka e gjuetis\u00eb nuk ka qen\u00eb e tij.<\/p>\n\n\n\n<p>Derisa Zv\/Drejtori i \u201cRrug\u00ebve t\u00eb Maqedonis\u00eb\u201d paraqiti versionin e tij p\u00ebr ngjarjen dhe pretendimet p\u00ebr nj\u00eb aksident trafiku ku ishte mbytur ariu, nga Policia e Manastirit kan\u00eb th\u00ebn\u00eb se nuk kan\u00eb t\u00eb regjistruar nj\u00eb rast t\u00eb k\u00ebtill\u00eb.<\/p>\n\n\n\n<p>\u201cAnima Mundi\u201d pret p\u00ebrgjegj\u00ebsi penale p\u00ebr Drejtorin Sasho Drango.<\/p>\n\n\n\n<p>Sipas ligjit, p\u00ebr arinjt\u00eb ka ndales\u00eb t\u00eb p\u00ebrhershme p\u00ebr gjueti.<\/p>\n\n\n\n<p>Konform Kodit Penal, gjuetia e kafsh\u00ebve t\u00eb mbrojtura sanksionohet nga 1 deri n\u00eb 5 vite burg.<\/p>\n","protected":false},"excerpt":{"rendered":"<p>Prokuroria e Manastirit do ta hetoj&euml; rastin me ariun e vrar&euml;, me t&euml; cilin ishte fotografuar Zv\/Drejtori i &ldquo;Rrug&euml;ve t&euml; Maqedonis&euml;&rdquo;, Sasho Drango, kuad&euml;r i VMRO-DPMNE-s&euml;. Nnj&euml; prononcim p&euml;r mediat, ai ka potencuar se do t&euml; k&euml;roj&euml; falje nga &ldquo;Anima Mundi&rdquo; duke konfiruar se s`ka leje p&euml;r arm&euml;, kurse pushka e gjuetis&euml; nuk ka qen&euml; [&hellip;]<\/p>\n","protected":false},"author":2,"featured_media":39727,"comment_status":"open","ping_status":"closed","sticky":false,"template":"","format":"standard","meta":{"_monsterinsights_skip_tracking":false,"_monsterinsights_sitenote_active":false,"_monsterinsights_sitenote_note":"","_monsterinsights_sitenote_category":0,"footnotes":""},"categories":[1],"tags":[],"class_list":["post-39726","post","type-post","status-publish","format-standard","has-post-thumbnail","hentry","category-vendi"],"_links":{"self":[{"href":"https:\/\/radiojehona.mk\/index.php?rest_route=\/wp\/v2\/posts\/39726","targetHints":{"allow":["GET"]}}],"collection":[{"href":"https:\/\/radiojehona.mk\/index.php?rest_route=\/wp\/v2\/posts"}],"about":[{"href":"https:\/\/radiojehona.mk\/index.php?rest_route=\/wp\/v2\/types\/post"}],"author":[{"embeddable":true,"href":"https:\/\/radiojehona.mk\/index.php?rest_route=\/wp\/v2\/users\/2"}],"replies":[{"embeddable":true,"href":"https:\/\/radiojehona.mk\/index.php?rest_route=%2Fwp%2Fv2%2Fcomments&post=39726"}],"version-history":[{"count":2,"href":"https:\/\/radiojehona.mk\/index.php?rest_route=\/wp\/v2\/posts\/39726\/revisions"}],"predecessor-version":[{"id":39729,"href":"https:\/\/radiojehona.mk\/index.php?rest_route=\/wp\/v2\/posts\/39726\/revisions\/39729"}],"wp:featuredmedia":[{"embeddable":true,"href":"https:\/\/radiojehona.mk\/index.php?rest_route=\/wp\/v2\/media\/39727"}],"wp:attachment":[{"href":"https:\/\/radiojehona.mk\/index.php?rest_route=%2Fwp%2Fv2%2Fmedia&parent=39726"}],"wp:term":[{"taxonomy":"category","embeddable":true,"href":"https:\/\/radiojehona.mk\/index.php?rest_route=%2Fwp%2Fv2%2Fcategories&post=39726"},{"taxonomy":"post_tag","embeddable":true,"href":"https:\/\/radiojehona.mk\/index.php?rest_route=%2Fwp%2Fv2%2Ftags&post=39726"}],"curies":[{"name":"wp","href":"https:\/\/api.w.org\/{rel}","templated":true}]}}