{"id":39722,"date":"2025-01-03T19:42:45","date_gmt":"2025-01-03T19:42:45","guid":{"rendered":"https:\/\/radiojehona.com\/?p=39722"},"modified":"2025-01-03T19:42:45","modified_gmt":"2025-01-03T19:42:45","slug":"ageler-provat-ndaj-grubit-jane-te-kapshme-per-autoritetet-e-rmv-se-rastet-e-fundit-shkaktuan-vertete-reagim","status":"publish","type":"post","link":"https:\/\/radiojehona.mk\/?p=39722","title":{"rendered":"Ageler: Provat ndaj Grubit jan\u00eb t\u00eb kapshme p\u00ebr autoritetet e RMV-s\u00eb, rastet e fundit shkaktuan v\u00ebrtet\u00eb reagim"},"content":{"rendered":"\n<figure class=\"wp-block-image size-large\"><img fetchpriority=\"high\" decoding=\"async\" width=\"1024\" height=\"616\" src=\"https:\/\/radiojehona.com\/wp-content\/uploads\/2025\/01\/IMG_0282-1024x616.jpeg\" alt=\"\" class=\"wp-image-39723\" srcset=\"https:\/\/radiojehona.mk\/wp-content\/uploads\/2025\/01\/IMG_0282-1024x616.jpeg 1024w, https:\/\/radiojehona.mk\/wp-content\/uploads\/2025\/01\/IMG_0282-300x181.jpeg 300w, https:\/\/radiojehona.mk\/wp-content\/uploads\/2025\/01\/IMG_0282-768x462.jpeg 768w, https:\/\/radiojehona.mk\/wp-content\/uploads\/2025\/01\/IMG_0282.jpeg 1118w\" sizes=\"(max-width: 1024px) 100vw, 1024px\" \/><figcaption class=\"wp-element-caption\">Screenshot<\/figcaption><\/figure>\n\n\n\n<p>Ambasadorja amerikane Anxhela Aggeler ka deklaruar se \u00ebsht\u00eb e k\u00ebnaqur q\u00eb ish z\u00ebvend\u00ebskryeministri Artan Grubi \u00ebsht\u00eb n\u00eb list\u00ebn e zez\u00eb t\u00eb SHBA-s\u00eb.<\/p>\n\n\n\n<p>Ajo n\u00eb podkast thot\u00eb se p\u00ebr rastin q\u00eb ai \u00ebsht\u00eb i sh\u00ebnuar nga autoritetet amerikane, provat jan\u00eb t\u00eb kapshme p\u00ebr autoritetet e Maqedonis\u00eb, por si\u00e7 tha, ata nuk jan\u00eb organi i p\u00ebrndjekjes.<\/p>\n\n\n\n<p>\u201cProvat jan\u00eb k\u00ebtu, shumica e tyre, jo t\u00eb gjitha. Mund t\u00eb hapet \u00e7\u00ebshtje nga ajo q\u00eb \u00ebsht\u00eb n\u00eb dispozicion k\u00ebtu dhe n\u00eb rajon dhe kjo \u00ebsht\u00eb ajo q\u00eb ne si ambasad\u00eb shpresojm\u00eb se do t\u00eb ndodh\u00eb, por gjithashtu ne nuk jemi autoritet p\u00ebrndjek\u00ebs. Un\u00eb nuk do t\u00eb hyj n\u00eb sht\u00ebpin\u00eb e askujt, por shpresoj q\u00eb kjo t\u00eb nxis\u00eb veprim dhe mund t\u00eb them se emrat e fundit n\u00eb list\u00ebn e zez\u00eb kan\u00eb shkaktuar v\u00ebrtet reagim\u201d, thot\u00eb Aggeler.<\/p>\n","protected":false},"excerpt":{"rendered":"<p>Ambasadorja amerikane Anxhela Aggeler ka deklaruar se &euml;sht&euml; e k&euml;naqur q&euml; ish z&euml;vend&euml;skryeministri Artan Grubi &euml;sht&euml; n&euml; list&euml;n e zez&euml; t&euml; SHBA-s&euml;. Ajo n&euml; podkast thot&euml; se p&euml;r rastin q&euml; ai &euml;sht&euml; i sh&euml;nuar nga autoritetet amerikane, provat jan&euml; t&euml; kapshme p&euml;r autoritetet e Maqedonis&euml;, por si&ccedil; tha, ata nuk jan&euml; organi i p&euml;rndjekjes. &ldquo;Provat [&hellip;]<\/p>\n","protected":false},"author":2,"featured_media":39723,"comment_status":"open","ping_status":"closed","sticky":false,"template":"","format":"standard","meta":{"_monsterinsights_skip_tracking":false,"_monsterinsights_sitenote_active":false,"_monsterinsights_sitenote_note":"","_monsterinsights_sitenote_category":0,"footnotes":""},"categories":[1],"tags":[],"class_list":["post-39722","post","type-post","status-publish","format-standard","has-post-thumbnail","hentry","category-vendi"],"_links":{"self":[{"href":"https:\/\/radiojehona.mk\/index.php?rest_route=\/wp\/v2\/posts\/39722","targetHints":{"allow":["GET"]}}],"collection":[{"href":"https:\/\/radiojehona.mk\/index.php?rest_route=\/wp\/v2\/posts"}],"about":[{"href":"https:\/\/radiojehona.mk\/index.php?rest_route=\/wp\/v2\/types\/post"}],"author":[{"embeddable":true,"href":"https:\/\/radiojehona.mk\/index.php?rest_route=\/wp\/v2\/users\/2"}],"replies":[{"embeddable":true,"href":"https:\/\/radiojehona.mk\/index.php?rest_route=%2Fwp%2Fv2%2Fcomments&post=39722"}],"version-history":[{"count":2,"href":"https:\/\/radiojehona.mk\/index.php?rest_route=\/wp\/v2\/posts\/39722\/revisions"}],"predecessor-version":[{"id":39725,"href":"https:\/\/radiojehona.mk\/index.php?rest_route=\/wp\/v2\/posts\/39722\/revisions\/39725"}],"wp:featuredmedia":[{"embeddable":true,"href":"https:\/\/radiojehona.mk\/index.php?rest_route=\/wp\/v2\/media\/39723"}],"wp:attachment":[{"href":"https:\/\/radiojehona.mk\/index.php?rest_route=%2Fwp%2Fv2%2Fmedia&parent=39722"}],"wp:term":[{"taxonomy":"category","embeddable":true,"href":"https:\/\/radiojehona.mk\/index.php?rest_route=%2Fwp%2Fv2%2Fcategories&post=39722"},{"taxonomy":"post_tag","embeddable":true,"href":"https:\/\/radiojehona.mk\/index.php?rest_route=%2Fwp%2Fv2%2Ftags&post=39722"}],"curies":[{"name":"wp","href":"https:\/\/api.w.org\/{rel}","templated":true}]}}