{"id":39715,"date":"2025-01-03T19:35:05","date_gmt":"2025-01-03T19:35:05","guid":{"rendered":"https:\/\/radiojehona.com\/?p=39715"},"modified":"2025-01-03T19:35:05","modified_gmt":"2025-01-03T19:35:05","slug":"shiu-dhe-bora-rikthehen-ne-vikend-keto-pritet-te-jene-temperaturat-ne-qytetet-e-vendit","status":"publish","type":"post","link":"https:\/\/radiojehona.mk\/?p=39715","title":{"rendered":"Shiu dhe bora rikthehen n\u00eb vikend, k\u00ebto pritet t\u00eb jen\u00eb temperaturat n\u00eb qytetet e vendit"},"content":{"rendered":"\n<figure class=\"wp-block-image size-large\"><img fetchpriority=\"high\" decoding=\"async\" width=\"1024\" height=\"583\" src=\"https:\/\/radiojehona.com\/wp-content\/uploads\/2025\/01\/IMG_0280-1024x583.jpeg\" alt=\"\" class=\"wp-image-39716\" srcset=\"https:\/\/radiojehona.mk\/wp-content\/uploads\/2025\/01\/IMG_0280-1024x583.jpeg 1024w, https:\/\/radiojehona.mk\/wp-content\/uploads\/2025\/01\/IMG_0280-300x171.jpeg 300w, https:\/\/radiojehona.mk\/wp-content\/uploads\/2025\/01\/IMG_0280-768x437.jpeg 768w, https:\/\/radiojehona.mk\/wp-content\/uploads\/2025\/01\/IMG_0280.jpeg 1125w\" sizes=\"(max-width: 1024px) 100vw, 1024px\" \/><\/figure>\n\n\n\n<p><strong>T\u00eb shtun\u00ebn parashihet t\u00eb mbaj\u00eb mot kryesisht i vran\u00ebt dhe vende-vende me kushte p\u00ebr riga shiu dhe reshje bore. Temperaturat minimale do t\u00eb sillen nga -6 deri n\u00eb -3\u00b0C, nd\u00ebrsa maksimalet nga -1 deri 2 grad\u00eb.<\/strong><\/p>\n\n\n\n<p>Nd\u00ebrkaq t\u00eb diel\u00ebn do t\u00eb kemi mot t\u00eb vran\u00ebt me intervale me diell. Temperaturat minimale do t\u00eb sh\u00ebnohen nga -7 deri n\u00eb -3\u00b0C, nd\u00ebrsa maksimalet nga -2 deri n\u00eb 2 grad\u00eb, njoftojn\u00eb nga Instituti Hidrometeorologjik i Kosov\u00ebs.<\/p>\n","protected":false},"excerpt":{"rendered":"<p>T&euml; shtun&euml;n parashihet t&euml; mbaj&euml; mot kryesisht i vran&euml;t dhe vende-vende me kushte p&euml;r riga shiu dhe reshje bore. Temperaturat minimale do t&euml; sillen nga -6 deri n&euml; -3&deg;C, nd&euml;rsa maksimalet nga -1 deri 2 grad&euml;. Nd&euml;rkaq t&euml; diel&euml;n do t&euml; kemi mot t&euml; vran&euml;t me intervale me diell. Temperaturat minimale do t&euml; sh&euml;nohen nga [&hellip;]<\/p>\n","protected":false},"author":2,"featured_media":39716,"comment_status":"open","ping_status":"closed","sticky":false,"template":"","format":"standard","meta":{"_monsterinsights_skip_tracking":false,"_monsterinsights_sitenote_active":false,"_monsterinsights_sitenote_note":"","_monsterinsights_sitenote_category":0,"footnotes":""},"categories":[1],"tags":[],"class_list":["post-39715","post","type-post","status-publish","format-standard","has-post-thumbnail","hentry","category-vendi"],"_links":{"self":[{"href":"https:\/\/radiojehona.mk\/index.php?rest_route=\/wp\/v2\/posts\/39715","targetHints":{"allow":["GET"]}}],"collection":[{"href":"https:\/\/radiojehona.mk\/index.php?rest_route=\/wp\/v2\/posts"}],"about":[{"href":"https:\/\/radiojehona.mk\/index.php?rest_route=\/wp\/v2\/types\/post"}],"author":[{"embeddable":true,"href":"https:\/\/radiojehona.mk\/index.php?rest_route=\/wp\/v2\/users\/2"}],"replies":[{"embeddable":true,"href":"https:\/\/radiojehona.mk\/index.php?rest_route=%2Fwp%2Fv2%2Fcomments&post=39715"}],"version-history":[{"count":1,"href":"https:\/\/radiojehona.mk\/index.php?rest_route=\/wp\/v2\/posts\/39715\/revisions"}],"predecessor-version":[{"id":39717,"href":"https:\/\/radiojehona.mk\/index.php?rest_route=\/wp\/v2\/posts\/39715\/revisions\/39717"}],"wp:featuredmedia":[{"embeddable":true,"href":"https:\/\/radiojehona.mk\/index.php?rest_route=\/wp\/v2\/media\/39716"}],"wp:attachment":[{"href":"https:\/\/radiojehona.mk\/index.php?rest_route=%2Fwp%2Fv2%2Fmedia&parent=39715"}],"wp:term":[{"taxonomy":"category","embeddable":true,"href":"https:\/\/radiojehona.mk\/index.php?rest_route=%2Fwp%2Fv2%2Fcategories&post=39715"},{"taxonomy":"post_tag","embeddable":true,"href":"https:\/\/radiojehona.mk\/index.php?rest_route=%2Fwp%2Fv2%2Ftags&post=39715"}],"curies":[{"name":"wp","href":"https:\/\/api.w.org\/{rel}","templated":true}]}}