{"id":39711,"date":"2025-01-03T19:30:06","date_gmt":"2025-01-03T19:30:06","guid":{"rendered":"https:\/\/radiojehona.com\/?p=39711"},"modified":"2025-01-03T19:30:07","modified_gmt":"2025-01-03T19:30:07","slug":"neser-behet-varrimi-i-te-vdekurve-ne-aksidentin-ne-vardar-detajet-e-fundit-te-tragjedise","status":"publish","type":"post","link":"https:\/\/radiojehona.mk\/?p=39711","title":{"rendered":"Nes\u00ebr b\u00ebhet varrimi i t\u00eb vdekurve n\u00eb aksidentin n\u00eb Vardar \u2013 detajet e fundit t\u00eb tragjedis\u00eb"},"content":{"rendered":"\n<figure class=\"wp-block-image size-large\"><img fetchpriority=\"high\" decoding=\"async\" width=\"1024\" height=\"654\" src=\"https:\/\/radiojehona.com\/wp-content\/uploads\/2025\/01\/IMG_0279-1024x654.jpeg\" alt=\"\" class=\"wp-image-39712\" srcset=\"https:\/\/radiojehona.mk\/wp-content\/uploads\/2025\/01\/IMG_0279-1024x654.jpeg 1024w, https:\/\/radiojehona.mk\/wp-content\/uploads\/2025\/01\/IMG_0279-300x191.jpeg 300w, https:\/\/radiojehona.mk\/wp-content\/uploads\/2025\/01\/IMG_0279-768x490.jpeg 768w, https:\/\/radiojehona.mk\/wp-content\/uploads\/2025\/01\/IMG_0279.jpeg 1125w\" sizes=\"(max-width: 1024px) 100vw, 1024px\" \/><\/figure>\n\n\n\n<p>Kat\u00ebr persona mbet\u00ebn t\u00eb vdekur, nd\u00ebrsa nj\u00eb f\u00ebmij\u00eb kat\u00ebrvje\u00e7ar shp\u00ebtoi nga aksidenti tragjik q\u00eb ndodhi dje pasdite kur nj\u00eb vetur\u00eb n\u00eb rrug\u00ebn nga Saraji p\u00ebr n\u00eb fshatin Rrash\u00e7e ra n\u00eb lumin Vardar n\u00eb Maqedonin\u00eb e Veriut. Tri gra u nxor\u00ebn t\u00eb vdekura dje, nd\u00ebrsa nj\u00eb burr\u00eb u gjet sot pas disa or\u00ebve k\u00ebrkimi.<\/p>\n\n\n\n<p>T\u00eb gjith\u00eb ishin t\u00eb s\u00eb nj\u00ebjt\u00ebs familje Arsllani nga fshati G\u00ebr\u00e7ec i komun\u00ebs s\u00eb Sarajit. Varrimi i tyre do t\u00eb b\u00ebhet nes\u00ebr, nd\u00ebrsa f\u00ebmija \u00ebsht\u00eb kthyer n\u00eb sht\u00ebpi te familjar\u00ebt e tjer\u00eb pasi mori tretman mjek\u00ebsor n\u00eb spital.<\/p>\n\n\n\n<p>N.A. 23 vje\u00e7e, V.A 25 vje\u00e7 dhe Z. A. .59 vje\u00e7e dhe A.A 56 vje\u00e7 jan\u00eb viktimat e k\u00ebtij aksidenti, sipas autoriteteve atje.<\/p>\n\n\n\n<p>Si\u00e7 raporton Alsat, n\u00eb vetur\u00eb ishte burri dhe gruaja e tij, nj\u00ebra prej vajzave t\u00eb tyre dhe nusja e djalit e ardhur nga Italia, si dhe f\u00ebmija q\u00eb ka shp\u00ebtuar. Ata ishin nisur p\u00ebr nj\u00eb dark\u00eb familjare.<\/p>\n\n\n\n<p>F\u00ebmija q\u00eb mbijetoi kishte fluturuar nga vetura dhe \u00ebsht\u00eb gjetur n\u00eb nj\u00eb shkurre n\u00eb af\u00ebrsi t\u00eb vendit t\u00eb aksidentit.<\/p>\n\n\n\n<p>Ky medium thot\u00eb se disa an\u00ebtar\u00eb t\u00eb k\u00ebsaj familje, t\u00eb cil\u00ebt rr\u00ebfyen p\u00ebr momentin e mb\u00ebrritjes n\u00eb vend ngjarje e deri te t\u00ebrheqja e kufomave, thon\u00eb nuk jan\u00eb t\u00eb k\u00ebnaqur nga institucionet p\u00ebrkat\u00ebse p\u00ebr pun\u00ebn q\u00eb kan\u00eb b\u00ebr\u00eb dhe munges\u00ebn e mjeteve t\u00eb cilat jan\u00eb t\u00eb nevojshme p\u00ebr raste t\u00eb k\u00ebtilla\u201d, raporton Alsat.<\/p>\n\n\n\n<p>\u201c\u00cbsht\u00eb motra me dh\u00ebndrin, me mbes\u00ebn dhe me nusen e vet. Fal\u00eb fshatar\u00ebve t\u00eb fshatit Sfillare dhe t\u00eb fshatrave p\u00ebrreth, ato shum\u00eb kan\u00eb ndihmuar p\u00ebrndryshe k\u00ebto t\u00eb tjer\u00ebt shum\u00eb dob\u00ebt. Vetur\u00ebn e kam pa atje, e kishin lidh me nj\u00eb litar metalik, k\u00ebto banor\u00ebt e fshatrave p\u00ebrreth\u201d, deklaroi Xhevdet Bela, familjar.<\/p>\n\n\n\n<p>U desh\u00ebn shum\u00eb or\u00eb k\u00ebrkim nga pjes\u00ebtar\u00eb t\u00eb ekipeve t\u00eb shp\u00ebtimit, vullnetar\u00eb dhe shoqata e zjarrfik\u00ebsve vullnetar\u00eb \u201cBajram Miftari\u201d nga Komuna e \u00c7airit, t\u00eb cil\u00ebt mbr\u00ebm\u00eb por edhe sot prej or\u00ebs 7 t\u00eb m\u00ebngjesit nd\u00ebrmor\u00ebn aksione p\u00ebr gjetjen e viktim\u00ebs s\u00eb kat\u00ebrt t\u00eb familjes Asllani.<\/p>\n\n\n\n<p>\u201cOperacioni ka filluar prej n\u00eb ora 19 sepse kushtet e v\u00ebshtira kan\u00eb qen\u00eb posht\u00eb, ka pas nevoj\u00eb t\u00eb priten shum\u00eb dru edhe t\u00eb hyhet me ekskavator deri posht\u00eb edhe me kamionin ton\u00eb. N\u00eb bashk\u00ebpunim me forcat e rendit, policin\u00eb dhe nj\u00ebsitin p\u00ebr intervenim t\u00eb shpejt\u00eb \u201cTigrat\u201d, kemi bashk\u00ebpunuar me ato. Nj\u00ebri prej atyre u zhyt, kishte zhyt\u00ebs, e lokalizuam sakt\u00ebsisht ku gjendet vetura edhe pse nj\u00eb pjes\u00eb e vetur\u00ebs ishte jasht\u00eb mir\u00ebpo nuk shihej se \u00e7ka ka brenda, si \u00ebsht\u00eb, sa \u00ebsht\u00eb thell\u00eb. Filluam me t\u00ebrheqjen e vetur\u00ebs deri n\u00eb ora 23 e 30, tre or\u00eb zgjati operacioni\u201d, tha Artan Demiri, kryetar i zjarrfik\u00ebsve vullnetar\u00eb \u00c7air.<\/p>\n\n\n\n<p>N\u00eb fshatin G\u00ebr\u00e7ec jan\u00eb b\u00ebr\u00eb tashm\u00eb p\u00ebrgatitjet p\u00ebr ceremonin\u00eb e varrimit t\u00eb familjar\u00ebve p\u00ebr dit\u00ebn e nes\u00ebrme. Nd\u00ebrsa i mituri i vet\u00ebm i mbijetuar nga tragjedia m\u00ebsohet t\u00eb jet\u00eb kthyer n\u00eb sht\u00ebpi, pran\u00eb familjar\u00ebve t\u00eb tjer\u00eb, n\u00eb gjendje t\u00eb mir\u00eb sh\u00ebndet\u00ebsore.<\/p>\n","protected":false},"excerpt":{"rendered":"<p>Kat&euml;r persona mbet&euml;n t&euml; vdekur, nd&euml;rsa nj&euml; f&euml;mij&euml; kat&euml;rvje&ccedil;ar shp&euml;toi nga aksidenti tragjik q&euml; ndodhi dje pasdite kur nj&euml; vetur&euml; n&euml; rrug&euml;n nga Saraji p&euml;r n&euml; fshatin Rrash&ccedil;e ra n&euml; lumin Vardar n&euml; Maqedonin&euml; e Veriut. Tri gra u nxor&euml;n t&euml; vdekura dje, nd&euml;rsa nj&euml; burr&euml; u gjet sot pas disa or&euml;ve k&euml;rkimi. T&euml; gjith&euml; [&hellip;]<\/p>\n","protected":false},"author":2,"featured_media":39712,"comment_status":"open","ping_status":"closed","sticky":false,"template":"","format":"standard","meta":{"_monsterinsights_skip_tracking":false,"_monsterinsights_sitenote_active":false,"_monsterinsights_sitenote_note":"","_monsterinsights_sitenote_category":0,"footnotes":""},"categories":[1],"tags":[],"class_list":["post-39711","post","type-post","status-publish","format-standard","has-post-thumbnail","hentry","category-vendi"],"_links":{"self":[{"href":"https:\/\/radiojehona.mk\/index.php?rest_route=\/wp\/v2\/posts\/39711","targetHints":{"allow":["GET"]}}],"collection":[{"href":"https:\/\/radiojehona.mk\/index.php?rest_route=\/wp\/v2\/posts"}],"about":[{"href":"https:\/\/radiojehona.mk\/index.php?rest_route=\/wp\/v2\/types\/post"}],"author":[{"embeddable":true,"href":"https:\/\/radiojehona.mk\/index.php?rest_route=\/wp\/v2\/users\/2"}],"replies":[{"embeddable":true,"href":"https:\/\/radiojehona.mk\/index.php?rest_route=%2Fwp%2Fv2%2Fcomments&post=39711"}],"version-history":[{"count":2,"href":"https:\/\/radiojehona.mk\/index.php?rest_route=\/wp\/v2\/posts\/39711\/revisions"}],"predecessor-version":[{"id":39714,"href":"https:\/\/radiojehona.mk\/index.php?rest_route=\/wp\/v2\/posts\/39711\/revisions\/39714"}],"wp:featuredmedia":[{"embeddable":true,"href":"https:\/\/radiojehona.mk\/index.php?rest_route=\/wp\/v2\/media\/39712"}],"wp:attachment":[{"href":"https:\/\/radiojehona.mk\/index.php?rest_route=%2Fwp%2Fv2%2Fmedia&parent=39711"}],"wp:term":[{"taxonomy":"category","embeddable":true,"href":"https:\/\/radiojehona.mk\/index.php?rest_route=%2Fwp%2Fv2%2Fcategories&post=39711"},{"taxonomy":"post_tag","embeddable":true,"href":"https:\/\/radiojehona.mk\/index.php?rest_route=%2Fwp%2Fv2%2Ftags&post=39711"}],"curies":[{"name":"wp","href":"https:\/\/api.w.org\/{rel}","templated":true}]}}