{"id":39708,"date":"2025-01-02T22:02:24","date_gmt":"2025-01-02T22:02:24","guid":{"rendered":"https:\/\/radiojehona.com\/?p=39708"},"modified":"2025-01-02T22:02:24","modified_gmt":"2025-01-02T22:02:24","slug":"babai-ne-naten-e-vitit-te-ri-e-ka-vrare-djalin-e-tij-pas-nje-zenke","status":"publish","type":"post","link":"https:\/\/radiojehona.mk\/?p=39708","title":{"rendered":"Babai n\u00eb nat\u00ebn e Vitit t\u00eb Ri e ka vr\u2019ar\u00eb djalin e tij pas nj\u00eb z\u00ebnke"},"content":{"rendered":"\n<figure class=\"wp-block-image size-large\"><img fetchpriority=\"high\" decoding=\"async\" width=\"1024\" height=\"651\" src=\"https:\/\/radiojehona.com\/wp-content\/uploads\/2025\/01\/IMG_0270-1024x651.jpeg\" alt=\"\" class=\"wp-image-39709\" srcset=\"https:\/\/radiojehona.mk\/wp-content\/uploads\/2025\/01\/IMG_0270-1024x651.jpeg 1024w, https:\/\/radiojehona.mk\/wp-content\/uploads\/2025\/01\/IMG_0270-300x191.jpeg 300w, https:\/\/radiojehona.mk\/wp-content\/uploads\/2025\/01\/IMG_0270-768x488.jpeg 768w, https:\/\/radiojehona.mk\/wp-content\/uploads\/2025\/01\/IMG_0270.jpeg 1125w\" sizes=\"(max-width: 1024px) 100vw, 1024px\" \/><\/figure>\n\n\n\n<p>Gjat\u00eb dit\u00ebs s\u00eb sotme n\u00eb Tetov\u00eb, nj\u00eb person i mosh\u00ebs 39-vje\u00e7are u gjet pa shenja jete n\u00eb banes\u00ebn e tij q\u00eb sipas t\u00eb dh\u00ebnave t\u00eb policis\u00eb, dorasi \u00ebsht\u00eb babai. Sipas policis\u00eb, mes viktim\u00ebs dhe dorasit pati nj\u00eb konfrontim fizik q\u00eb m\u00eb pas d\u00ebrgoi deri n\u00eb vrasjen e S.N. N\u00eb vendin e ngjarjes \u00ebsht\u00eb gjetur edhe nj\u00eb pushk\u00eb gjuetie nd\u00ebrsa viktima ishte i goditur n\u00eb kok\u00eb. Ngjarja ka ndodhur m\u00eb 31 dhjetor, por sipas t\u00eb dh\u00ebnave jozyrtare, pasi i ndjeri nuk \u00ebsht\u00eb p\u00ebrgjigjur n\u00eb telefon, pas \u00e7ka nj\u00eb shok ka lajm\u00ebruar policin\u00eb.<\/p>\n\n\n\n<p>\u201cSot (02.01.2025) rreth or\u00ebs 18:50 n\u00eb bllokun 70 n\u00eb Tetov\u00eb, S.N.(39) \u00ebsht\u00eb gjetur n\u00eb sht\u00ebpin\u00eb e tij pa shenja jete, me plag\u00eb me arm\u00eb zjarri n\u00eb kok\u00eb. S.N. ka jetuar vet\u00ebm me babain e tij, i cili \u00ebsht\u00eb gjetur pa ndjenja dhe nga ana e Emergjenc\u00ebs Mjek\u00ebsore \u00ebsht\u00eb d\u00ebrguar n\u00eb Qendr\u00ebn Urgjente t\u00eb Tetov\u00ebs. N\u00eb dhom\u00ebn ku \u00ebsht\u00eb gjetur S.N. \u00ebsht\u00eb gjetur nj\u00eb pushk\u00eb gjuetie. Pas nd\u00ebrmarrjes s\u00eb masave dhe aktiviteteve p\u00ebr zbardhjen e rastit, n\u00eb koordinim me prokurorin publik, \u00ebsht\u00eb konstatuar se kemi t\u00eb b\u00ebjm\u00eb<br>me vep\u00ebr penale \u201cvrasje\u201d e kryer m\u00eb dat\u00eb 31.12.2024, ku pas nj\u00eb konfrontimi fizik t\u00eb m\u00ebparsh\u00ebm, M.N. (65) ka vrar\u00eb me pushk\u00eb gjuetie djalin e tij S.N. Pas dokumentimit t\u00eb plot\u00eb t\u00eb rastit do t\u00eb p\u00ebrgaditet parashtres\u00eb p\u00ebrkat\u00ebs\u201d, ka njoftuar policia.<\/p>\n","protected":false},"excerpt":{"rendered":"<p>Gjat&euml; dit&euml;s s&euml; sotme n&euml; Tetov&euml;, nj&euml; person i mosh&euml;s 39-vje&ccedil;are u gjet pa shenja jete n&euml; banes&euml;n e tij q&euml; sipas t&euml; dh&euml;nave t&euml; policis&euml;, dorasi &euml;sht&euml; babai. Sipas policis&euml;, mes viktim&euml;s dhe dorasit pati nj&euml; konfrontim fizik q&euml; m&euml; pas d&euml;rgoi deri n&euml; vrasjen e S.N. N&euml; vendin e ngjarjes &euml;sht&euml; gjetur edhe [&hellip;]<\/p>\n","protected":false},"author":2,"featured_media":39709,"comment_status":"open","ping_status":"closed","sticky":false,"template":"","format":"standard","meta":{"_monsterinsights_skip_tracking":false,"_monsterinsights_sitenote_active":false,"_monsterinsights_sitenote_note":"","_monsterinsights_sitenote_category":0,"footnotes":""},"categories":[1],"tags":[],"class_list":["post-39708","post","type-post","status-publish","format-standard","has-post-thumbnail","hentry","category-vendi"],"_links":{"self":[{"href":"https:\/\/radiojehona.mk\/index.php?rest_route=\/wp\/v2\/posts\/39708","targetHints":{"allow":["GET"]}}],"collection":[{"href":"https:\/\/radiojehona.mk\/index.php?rest_route=\/wp\/v2\/posts"}],"about":[{"href":"https:\/\/radiojehona.mk\/index.php?rest_route=\/wp\/v2\/types\/post"}],"author":[{"embeddable":true,"href":"https:\/\/radiojehona.mk\/index.php?rest_route=\/wp\/v2\/users\/2"}],"replies":[{"embeddable":true,"href":"https:\/\/radiojehona.mk\/index.php?rest_route=%2Fwp%2Fv2%2Fcomments&post=39708"}],"version-history":[{"count":1,"href":"https:\/\/radiojehona.mk\/index.php?rest_route=\/wp\/v2\/posts\/39708\/revisions"}],"predecessor-version":[{"id":39710,"href":"https:\/\/radiojehona.mk\/index.php?rest_route=\/wp\/v2\/posts\/39708\/revisions\/39710"}],"wp:featuredmedia":[{"embeddable":true,"href":"https:\/\/radiojehona.mk\/index.php?rest_route=\/wp\/v2\/media\/39709"}],"wp:attachment":[{"href":"https:\/\/radiojehona.mk\/index.php?rest_route=%2Fwp%2Fv2%2Fmedia&parent=39708"}],"wp:term":[{"taxonomy":"category","embeddable":true,"href":"https:\/\/radiojehona.mk\/index.php?rest_route=%2Fwp%2Fv2%2Fcategories&post=39708"},{"taxonomy":"post_tag","embeddable":true,"href":"https:\/\/radiojehona.mk\/index.php?rest_route=%2Fwp%2Fv2%2Ftags&post=39708"}],"curies":[{"name":"wp","href":"https:\/\/api.w.org\/{rel}","templated":true}]}}