{"id":39699,"date":"2025-01-02T21:59:25","date_gmt":"2025-01-02T21:59:25","guid":{"rendered":"https:\/\/radiojehona.com\/?p=39699"},"modified":"2025-01-02T21:59:26","modified_gmt":"2025-01-02T21:59:26","slug":"aksidenti-fatal-ne-rmv-tre-viktimat-qe-u-gjeten-brenda-vetures-ne-vardar-jane-gra-pezullohet-kerkimi-per-personin-e-katert","status":"publish","type":"post","link":"https:\/\/radiojehona.mk\/?p=39699","title":{"rendered":"Aksidenti fatal n\u00eb RMV, tre viktimat q\u00eb u gjet\u00ebn brenda vetur\u00ebs n\u00eb Vardar jan\u00eb gra, pezullohet k\u00ebrkimi p\u00ebr personin e kat\u00ebrt"},"content":{"rendered":"\n<figure class=\"wp-block-image size-large\"><img fetchpriority=\"high\" decoding=\"async\" width=\"1024\" height=\"684\" src=\"https:\/\/radiojehona.com\/wp-content\/uploads\/2025\/01\/IMG_0268-1024x684.jpeg\" alt=\"\" class=\"wp-image-39700\" srcset=\"https:\/\/radiojehona.mk\/wp-content\/uploads\/2025\/01\/IMG_0268-1024x684.jpeg 1024w, https:\/\/radiojehona.mk\/wp-content\/uploads\/2025\/01\/IMG_0268-300x201.jpeg 300w, https:\/\/radiojehona.mk\/wp-content\/uploads\/2025\/01\/IMG_0268-768x513.jpeg 768w, https:\/\/radiojehona.mk\/wp-content\/uploads\/2025\/01\/IMG_0268.jpeg 1125w\" sizes=\"(max-width: 1024px) 100vw, 1024px\" \/><\/figure>\n\n\n\n<p>Qendra p\u00ebr Menaxhimin e Krizave (QMK) njofton se vetura e aksidentuar n\u00eb Vardar \u00ebsht\u00eb gjetur. N\u00eb t\u00eb u gjet\u00ebn trupat e tre personave.<\/p>\n\n\n\n<p>\u201cAutomjeti q\u00eb \u00ebsht\u00eb aksidentuar n\u00eb Vardar af\u00ebr fshatit Rash\u00e7e \u00ebsht\u00eb t\u00ebrhequr. Prej saj jan\u00eb nxjerr\u00eb trupat e tre personave. Vazhdojn\u00eb k\u00ebrkimet p\u00ebr personin e kat\u00ebrt\u201d, thon\u00eb nga QKM.<\/p>\n\n\n\n<p>N\u00eb makin\u00eb ndodhej edhe nj\u00eb f\u00ebmij\u00eb kat\u00ebr vje\u00e7ar, i cili u shp\u00ebtua nga kalimtar\u00ebt e rastit dhe u d\u00ebrgua n\u00eb klinik\u00ebn e kirurgjis\u00eb pediatrike.<\/p>\n","protected":false},"excerpt":{"rendered":"<p>Qendra p&euml;r Menaxhimin e Krizave (QMK) njofton se vetura e aksidentuar n&euml; Vardar &euml;sht&euml; gjetur. N&euml; t&euml; u gjet&euml;n trupat e tre personave. &ldquo;Automjeti q&euml; &euml;sht&euml; aksidentuar n&euml; Vardar af&euml;r fshatit Rash&ccedil;e &euml;sht&euml; t&euml;rhequr. Prej saj jan&euml; nxjerr&euml; trupat e tre personave. Vazhdojn&euml; k&euml;rkimet p&euml;r personin e kat&euml;rt&rdquo;, thon&euml; nga QKM. N&euml; makin&euml; ndodhej edhe [&hellip;]<\/p>\n","protected":false},"author":2,"featured_media":39700,"comment_status":"open","ping_status":"closed","sticky":false,"template":"","format":"standard","meta":{"_monsterinsights_skip_tracking":false,"_monsterinsights_sitenote_active":false,"_monsterinsights_sitenote_note":"","_monsterinsights_sitenote_category":0,"footnotes":""},"categories":[1],"tags":[],"class_list":["post-39699","post","type-post","status-publish","format-standard","has-post-thumbnail","hentry","category-vendi"],"_links":{"self":[{"href":"https:\/\/radiojehona.mk\/index.php?rest_route=\/wp\/v2\/posts\/39699","targetHints":{"allow":["GET"]}}],"collection":[{"href":"https:\/\/radiojehona.mk\/index.php?rest_route=\/wp\/v2\/posts"}],"about":[{"href":"https:\/\/radiojehona.mk\/index.php?rest_route=\/wp\/v2\/types\/post"}],"author":[{"embeddable":true,"href":"https:\/\/radiojehona.mk\/index.php?rest_route=\/wp\/v2\/users\/2"}],"replies":[{"embeddable":true,"href":"https:\/\/radiojehona.mk\/index.php?rest_route=%2Fwp%2Fv2%2Fcomments&post=39699"}],"version-history":[{"count":2,"href":"https:\/\/radiojehona.mk\/index.php?rest_route=\/wp\/v2\/posts\/39699\/revisions"}],"predecessor-version":[{"id":39702,"href":"https:\/\/radiojehona.mk\/index.php?rest_route=\/wp\/v2\/posts\/39699\/revisions\/39702"}],"wp:featuredmedia":[{"embeddable":true,"href":"https:\/\/radiojehona.mk\/index.php?rest_route=\/wp\/v2\/media\/39700"}],"wp:attachment":[{"href":"https:\/\/radiojehona.mk\/index.php?rest_route=%2Fwp%2Fv2%2Fmedia&parent=39699"}],"wp:term":[{"taxonomy":"category","embeddable":true,"href":"https:\/\/radiojehona.mk\/index.php?rest_route=%2Fwp%2Fv2%2Fcategories&post=39699"},{"taxonomy":"post_tag","embeddable":true,"href":"https:\/\/radiojehona.mk\/index.php?rest_route=%2Fwp%2Fv2%2Ftags&post=39699"}],"curies":[{"name":"wp","href":"https:\/\/api.w.org\/{rel}","templated":true}]}}