{"id":39696,"date":"2025-01-02T11:04:29","date_gmt":"2025-01-02T11:04:29","guid":{"rendered":"https:\/\/radiojehona.com\/?p=39696"},"modified":"2025-01-02T11:04:29","modified_gmt":"2025-01-02T11:04:29","slug":"ne-zvicer-hyri-ne-fuqi-ndalimi-i-mbajtjes-se-burkes","status":"publish","type":"post","link":"https:\/\/radiojehona.mk\/?p=39696","title":{"rendered":"N\u00eb Zvic\u00ebr hyri n\u00eb fuqi ndalimi i mbajtjes s\u00eb burk\u00ebs"},"content":{"rendered":"\n<figure class=\"wp-block-image size-large\"><img fetchpriority=\"high\" decoding=\"async\" width=\"1024\" height=\"559\" src=\"https:\/\/radiojehona.com\/wp-content\/uploads\/2025\/01\/IMG_0243-1024x559.jpeg\" alt=\"\" class=\"wp-image-39697\" srcset=\"https:\/\/radiojehona.mk\/wp-content\/uploads\/2025\/01\/IMG_0243-1024x559.jpeg 1024w, https:\/\/radiojehona.mk\/wp-content\/uploads\/2025\/01\/IMG_0243-300x164.jpeg 300w, https:\/\/radiojehona.mk\/wp-content\/uploads\/2025\/01\/IMG_0243-768x419.jpeg 768w, https:\/\/radiojehona.mk\/wp-content\/uploads\/2025\/01\/IMG_0243.jpeg 1125w\" sizes=\"(max-width: 1024px) 100vw, 1024px\" \/><\/figure>\n\n\n\n<p><strong>N\u00eb Zvic\u00ebr dje ka hyr\u00eb n\u00eb fuqi ligji q\u00eb ndalon mbulimin e fytyr\u00ebs n\u00eb vende publike, i njohur si \u201cndalimi i burk\u00ebs\u201d, nd\u00ebrsa shkelja e tij mund t\u00eb d\u00ebnohet me gjob\u00eb deri n\u00eb 1000 franga zvicerane (1.064 euro), njoftoi Suisinfo (Swissinfo)<\/strong><\/p>\n\n\n\n<p>Nisma kund\u00ebr mbajtjes s\u00eb burk\u00ebs u miratua nga 51.2 p\u00ebr qind e votuesve zviceran\u00eb n\u00eb mars t\u00eb vitit 2021 dhe p\u00ebrjashtimet nga ligji do t\u00eb p\u00ebrfshinin mbulimin e fytyr\u00ebs p\u00ebr arsye sigurie, t\u00eb motit ose sh\u00ebndetit dhe gjithashtu do t\u00eb lejohej p\u00ebr arsye artistike dhe arg\u00ebtuese si dhe p\u00ebr reklamim.<\/p>\n\n\n\n<p>Q\u00eb nga 1 janari, hyn\u00eb n\u00eb fuqi rregullat e reja q\u00eb harmonizojn\u00eb t\u00eb drejt\u00ebn nd\u00ebrkomb\u00ebtare t\u00eb trash\u00ebgimis\u00eb zvicerane me Rregulloren Evropiane t\u00eb Trash\u00ebgimis\u00eb.<\/p>\n\n\n\n<p>Kur b\u00ebhet fjal\u00eb p\u00ebr trash\u00ebgimin\u00eb, p\u00ebrplasjet juridiksionale ndodhin shpesh midis Zvicr\u00ebs dhe pjes\u00ebs tjet\u00ebr t\u00eb Evrop\u00ebs, nd\u00ebrsa ligji i ri e afron Zvicr\u00ebn m\u00eb pran\u00eb Bashkimit Evropian.<\/p>\n\n\n\n<p><a href=\"https:\/\/www.ora24.tv\/ne-zvicer-hyri-ne-fuqi-ndalimi-i-mbajtjes-se-burkes\/#\"><\/a><\/p>\n\n\n\n<p><a target=\"_blank\" href=\"https:\/\/clck.mgid.com\/ghits\/21476530\/i\/57996243\/0\/pp\/1\/1?h=7B3uj1l0lRtxXmCRBGWwgcXA_rN6TXIeUPLgT33N9VymGkLJF92_vy2MbmJ-hwDkYeB98eQyb1THry6AJXxaShBIwB0uc3fsOrSemnr4wr0*&amp;rid=f4672009-c8f8-11ef-8824-e43d1a2a96ea&amp;ts=fax.al&amp;tt=Referral&amp;att=4&amp;cpm=1&amp;abd=1&amp;iv=17&amp;prid=10&amp;ct=1&amp;gdprApplies=0&amp;muid=p02I3qD2ON13&amp;st=60&amp;mp4=1&amp;h2=8nzP7oauLOHkZJwyaPBC46QjLfPFvexmqlAAVnN5ywTmlcWvJPfBCm6DdXTkthYG\" rel=\"noreferrer noopener\"><\/a><\/p>\n\n\n\n<figure class=\"wp-block-image\"><a href=\"https:\/\/clck.mgid.com\/ghits\/21476530\/i\/57996243\/0\/pp\/1\/1?h=7B3uj1l0lRtxXmCRBGWwgcXA_rN6TXIeUPLgT33N9VymGkLJF92_vy2MbmJ-hwDkYeB98eQyb1THry6AJXxaShBIwB0uc3fsOrSemnr4wr0*&amp;rid=f4672009-c8f8-11ef-8824-e43d1a2a96ea&amp;ts=fax.al&amp;tt=Referral&amp;att=4&amp;cpm=1&amp;abd=1&amp;iv=17&amp;prid=10&amp;ct=1&amp;gdprApplies=0&amp;muid=p02I3qD2ON13&amp;st=60&amp;mp4=1&amp;h2=8nzP7oauLOHkZJwyaPBC46QjLfPFvexmqlAAVnN5ywTmlcWvJPfBCm6DdXTkthYG\" target=\"_blank\" rel=\"noreferrer noopener\"><img decoding=\"async\" src=\"https:\/\/s-img.mgid.com\/g\/21476530\/400x400\/-\/aHR0cDovL2NsLmltZ2hvc3RzLmNvbS9pbWdoL2ltYWdlL2ZldGNoL2FyXzE6MSxjX2ZpbGwsZV9zaGFycGVuOjEwMCxmX2pwZyxnX2ZhY2VzOmF1dG8scV9hdXRvOmdvb2Qsd185NjAvaHR0cDovL2ltZ2hvc3RzLmNvbS90LzIwMjQtMTEvODQ1MjI3LzliZTUxNDEzYzcyYzgwMTE4ZjMwYTY5NTk5ZTQ3NTg3LmpwZWc.webp?v=1735815704-dIGKhwdTtfEHayoRoQFZ56yiWpiV3pWZAotDIcnVfbE\" alt=\"\"\/><\/a><\/figure>\n\n\n\n<p><a target=\"_blank\" href=\"https:\/\/clck.mgid.com\/ghits\/21476530\/i\/57996243\/0\/pp\/1\/1?h=7B3uj1l0lRtxXmCRBGWwgcXA_rN6TXIeUPLgT33N9VymGkLJF92_vy2MbmJ-hwDkYeB98eQyb1THry6AJXxaShBIwB0uc3fsOrSemnr4wr0*&amp;rid=f4672009-c8f8-11ef-8824-e43d1a2a96ea&amp;ts=fax.al&amp;tt=Referral&amp;att=4&amp;cpm=1&amp;abd=1&amp;iv=17&amp;prid=10&amp;ct=1&amp;gdprApplies=0&amp;muid=p02I3qD2ON13&amp;st=60&amp;mp4=1&amp;h2=8nzP7oauLOHkZJwyaPBC46QjLfPFvexmqlAAVnN5ywTmlcWvJPfBCm6DdXTkthYG\" rel=\"noreferrer noopener\">NAUTUBONE<\/a><\/p>\n\n\n\n<p><a target=\"_blank\" href=\"https:\/\/clck.mgid.com\/ghits\/21476530\/i\/57996243\/0\/pp\/1\/1?h=7B3uj1l0lRtxXmCRBGWwgcXA_rN6TXIeUPLgT33N9VymGkLJF92_vy2MbmJ-hwDkYeB98eQyb1THry6AJXxaShBIwB0uc3fsOrSemnr4wr0*&amp;rid=f4672009-c8f8-11ef-8824-e43d1a2a96ea&amp;ts=fax.al&amp;tt=Referral&amp;att=4&amp;cpm=1&amp;abd=1&amp;iv=17&amp;prid=10&amp;ct=1&amp;gdprApplies=0&amp;muid=p02I3qD2ON13&amp;st=60&amp;mp4=1&amp;h2=8nzP7oauLOHkZJwyaPBC46QjLfPFvexmqlAAVnN5ywTmlcWvJPfBCm6DdXTkthYG\" rel=\"noreferrer noopener\">\u041b\u0443\u0453\u0435\u0442\u043e \u0441\u043e \u0431\u043e\u043b\u043a\u0438 \u0432\u043e \u043a\u043e\u043b\u0435\u043d\u0430\u0442\u0430 \u0438 \u0437\u0433\u043b\u043e\u0431\u043e\u0432\u0438\u0442\u0435 \u0442\u0440\u0435\u0431\u0430 \u0434\u0430 \u0433\u043e \u0437\u043d\u0430\u0430\u0442 \u043e\u0432\u0430!<\/a><\/p>\n\n\n\n<p><a><\/a>\u00d7<\/p>\n\n\n\n<p>Pensionet shtet\u00ebrore nga sot jan\u00eb rritur edhe n\u00eb Zvic\u00ebr, p\u00ebr 2.9 p\u00ebr qind, me arsyetimin se kjo \u00ebsht\u00eb e nevojshme p\u00ebr t\u00eb mbajtur hapin me rritjen e \u00e7mimeve dhe l\u00ebvizjen e pagave.<\/p>\n\n\n\n<p>Prandaj, pensioni minimal shtet\u00ebror do t\u00eb rritet nga 1.225 n\u00eb 1.260 franga zvicerane n\u00eb muaj dhe pensioni maksimal nga 2.450 n\u00eb 2.520 franga zvicerane.\/ora24.tv\/<\/p>\n","protected":false},"excerpt":{"rendered":"<p>N&euml; Zvic&euml;r dje ka hyr&euml; n&euml; fuqi ligji q&euml; ndalon mbulimin e fytyr&euml;s n&euml; vende publike, i njohur si &ldquo;ndalimi i burk&euml;s&rdquo;, nd&euml;rsa shkelja e tij mund t&euml; d&euml;nohet me gjob&euml; deri n&euml; 1000 franga zvicerane (1.064 euro), njoftoi Suisinfo (Swissinfo) Nisma kund&euml;r mbajtjes s&euml; burk&euml;s u miratua nga 51.2 p&euml;r qind e votuesve zviceran&euml; [&hellip;]<\/p>\n","protected":false},"author":2,"featured_media":39697,"comment_status":"open","ping_status":"closed","sticky":false,"template":"","format":"standard","meta":{"_monsterinsights_skip_tracking":false,"_monsterinsights_sitenote_active":false,"_monsterinsights_sitenote_note":"","_monsterinsights_sitenote_category":0,"footnotes":""},"categories":[569],"tags":[],"class_list":["post-39696","post","type-post","status-publish","format-standard","has-post-thumbnail","hentry","category-bota"],"_links":{"self":[{"href":"https:\/\/radiojehona.mk\/index.php?rest_route=\/wp\/v2\/posts\/39696","targetHints":{"allow":["GET"]}}],"collection":[{"href":"https:\/\/radiojehona.mk\/index.php?rest_route=\/wp\/v2\/posts"}],"about":[{"href":"https:\/\/radiojehona.mk\/index.php?rest_route=\/wp\/v2\/types\/post"}],"author":[{"embeddable":true,"href":"https:\/\/radiojehona.mk\/index.php?rest_route=\/wp\/v2\/users\/2"}],"replies":[{"embeddable":true,"href":"https:\/\/radiojehona.mk\/index.php?rest_route=%2Fwp%2Fv2%2Fcomments&post=39696"}],"version-history":[{"count":1,"href":"https:\/\/radiojehona.mk\/index.php?rest_route=\/wp\/v2\/posts\/39696\/revisions"}],"predecessor-version":[{"id":39698,"href":"https:\/\/radiojehona.mk\/index.php?rest_route=\/wp\/v2\/posts\/39696\/revisions\/39698"}],"wp:featuredmedia":[{"embeddable":true,"href":"https:\/\/radiojehona.mk\/index.php?rest_route=\/wp\/v2\/media\/39697"}],"wp:attachment":[{"href":"https:\/\/radiojehona.mk\/index.php?rest_route=%2Fwp%2Fv2%2Fmedia&parent=39696"}],"wp:term":[{"taxonomy":"category","embeddable":true,"href":"https:\/\/radiojehona.mk\/index.php?rest_route=%2Fwp%2Fv2%2Fcategories&post=39696"},{"taxonomy":"post_tag","embeddable":true,"href":"https:\/\/radiojehona.mk\/index.php?rest_route=%2Fwp%2Fv2%2Ftags&post=39696"}],"curies":[{"name":"wp","href":"https:\/\/api.w.org\/{rel}","templated":true}]}}