{"id":39688,"date":"2025-01-02T10:57:43","date_gmt":"2025-01-02T10:57:43","guid":{"rendered":"https:\/\/radiojehona.com\/?p=39688"},"modified":"2025-01-02T10:57:43","modified_gmt":"2025-01-02T10:57:43","slug":"prolongohen-dy-fluturime-ne-aeroportin-e-shkupit","status":"publish","type":"post","link":"https:\/\/radiojehona.mk\/?p=39688","title":{"rendered":"Prolongohen dy fluturime n\u00eb aeroportin e Shkupit"},"content":{"rendered":"\n<figure class=\"wp-block-image size-large\"><img fetchpriority=\"high\" decoding=\"async\" width=\"1024\" height=\"672\" src=\"https:\/\/radiojehona.com\/wp-content\/uploads\/2025\/01\/IMG_0241-1024x672.jpeg\" alt=\"\" class=\"wp-image-39689\" srcset=\"https:\/\/radiojehona.mk\/wp-content\/uploads\/2025\/01\/IMG_0241-1024x672.jpeg 1024w, https:\/\/radiojehona.mk\/wp-content\/uploads\/2025\/01\/IMG_0241-300x197.jpeg 300w, https:\/\/radiojehona.mk\/wp-content\/uploads\/2025\/01\/IMG_0241-768x504.jpeg 768w, https:\/\/radiojehona.mk\/wp-content\/uploads\/2025\/01\/IMG_0241.jpeg 1125w\" sizes=\"(max-width: 1024px) 100vw, 1024px\" \/><\/figure>\n\n\n\n<p>Fluturimi Shkup \u2013 Stamboll sot n\u00eb m\u00ebngjes do t\u00eb realizohet me vones\u00eb. Sipas faqes s\u00eb internetit t\u00eb TAV Maqedoni, aeroplani \u201cPegazus\u201d q\u00eb duhej t\u00eb ulet n\u00eb Shkup n\u00eb or\u00ebn 9:55, \u00ebsht\u00eb shtyr\u00eb p\u00ebr n\u00eb or\u00ebn 12:05, nd\u00ebrsa \u00ebsht\u00eb prolonguar edhe kthimi p\u00ebr n\u00eb Stamboll nga ora 10:50 n\u00eb or\u00ebn 13: 00.<\/p>\n\n\n\n<p>P\u00ebr nj\u00eb or\u00eb \u00ebsht\u00eb shtyr\u00eb edhe fluturimi Stamboll \u2013 Shkup \u2013 Stamboll i kompanis\u00eb AJET HAVAYOLLARI. Fillimisht ishte planifikuar p\u00ebr n\u00eb or\u00ebn 11:25, aeroplani n\u00eb Shkup duhet t\u00eb ulet n\u00eb or\u00ebn 12.25, nd\u00ebrsa n\u00eb vend t\u00eb or\u00ebs 12.45 pritet t\u00eb kthehet n\u00eb Stamboll n\u00eb or\u00ebn 13.45.<\/p>\n\n\n\n<p>Nuk theksohet n\u00ebse shkak p\u00ebr vones\u00ebn \u00ebsht\u00eb mjegulla n\u00eb Shkup. Ndryshime t\u00eb tjera t\u00eb orarit t\u00eb fluturimit, sipas faqes s\u00eb internetit t\u00eb TAV Maqedoni, tani p\u00ebr tani nuk ka.<\/p>\n","protected":false},"excerpt":{"rendered":"<p>Fluturimi Shkup &ndash; Stamboll sot n&euml; m&euml;ngjes do t&euml; realizohet me vones&euml;. Sipas faqes s&euml; internetit t&euml; TAV Maqedoni, aeroplani &ldquo;Pegazus&rdquo; q&euml; duhej t&euml; ulet n&euml; Shkup n&euml; or&euml;n 9:55, &euml;sht&euml; shtyr&euml; p&euml;r n&euml; or&euml;n 12:05, nd&euml;rsa &euml;sht&euml; prolonguar edhe kthimi p&euml;r n&euml; Stamboll nga ora 10:50 n&euml; or&euml;n 13: 00. P&euml;r nj&euml; or&euml; &euml;sht&euml; [&hellip;]<\/p>\n","protected":false},"author":2,"featured_media":39689,"comment_status":"open","ping_status":"closed","sticky":false,"template":"","format":"standard","meta":{"_monsterinsights_skip_tracking":false,"_monsterinsights_sitenote_active":false,"_monsterinsights_sitenote_note":"","_monsterinsights_sitenote_category":0,"footnotes":""},"categories":[1],"tags":[],"class_list":["post-39688","post","type-post","status-publish","format-standard","has-post-thumbnail","hentry","category-vendi"],"_links":{"self":[{"href":"https:\/\/radiojehona.mk\/index.php?rest_route=\/wp\/v2\/posts\/39688","targetHints":{"allow":["GET"]}}],"collection":[{"href":"https:\/\/radiojehona.mk\/index.php?rest_route=\/wp\/v2\/posts"}],"about":[{"href":"https:\/\/radiojehona.mk\/index.php?rest_route=\/wp\/v2\/types\/post"}],"author":[{"embeddable":true,"href":"https:\/\/radiojehona.mk\/index.php?rest_route=\/wp\/v2\/users\/2"}],"replies":[{"embeddable":true,"href":"https:\/\/radiojehona.mk\/index.php?rest_route=%2Fwp%2Fv2%2Fcomments&post=39688"}],"version-history":[{"count":2,"href":"https:\/\/radiojehona.mk\/index.php?rest_route=\/wp\/v2\/posts\/39688\/revisions"}],"predecessor-version":[{"id":39691,"href":"https:\/\/radiojehona.mk\/index.php?rest_route=\/wp\/v2\/posts\/39688\/revisions\/39691"}],"wp:featuredmedia":[{"embeddable":true,"href":"https:\/\/radiojehona.mk\/index.php?rest_route=\/wp\/v2\/media\/39689"}],"wp:attachment":[{"href":"https:\/\/radiojehona.mk\/index.php?rest_route=%2Fwp%2Fv2%2Fmedia&parent=39688"}],"wp:term":[{"taxonomy":"category","embeddable":true,"href":"https:\/\/radiojehona.mk\/index.php?rest_route=%2Fwp%2Fv2%2Fcategories&post=39688"},{"taxonomy":"post_tag","embeddable":true,"href":"https:\/\/radiojehona.mk\/index.php?rest_route=%2Fwp%2Fv2%2Ftags&post=39688"}],"curies":[{"name":"wp","href":"https:\/\/api.w.org\/{rel}","templated":true}]}}