{"id":39685,"date":"2025-01-02T10:55:39","date_gmt":"2025-01-02T10:55:39","guid":{"rendered":"https:\/\/radiojehona.com\/?p=39685"},"modified":"2025-01-02T10:55:40","modified_gmt":"2025-01-02T10:55:40","slug":"mickoski-jam-gjithmone-i-gatshem-te-flas-per-cdo-ide-te-pajtimit-kombetar","status":"publish","type":"post","link":"https:\/\/radiojehona.mk\/?p=39685","title":{"rendered":"Mickoski: Jam gjithmon\u00eb i gatsh\u00ebm t\u00eb flas p\u00ebr \u00e7do ide t\u00eb pajtimit komb\u00ebtar"},"content":{"rendered":"\n<figure class=\"wp-block-image size-full\"><img fetchpriority=\"high\" decoding=\"async\" width=\"780\" height=\"520\" src=\"https:\/\/radiojehona.com\/wp-content\/uploads\/2024\/11\/Hristijan-Mickoski.jpg\" alt=\"\" class=\"wp-image-37241\" srcset=\"https:\/\/radiojehona.mk\/wp-content\/uploads\/2024\/11\/Hristijan-Mickoski.jpg 780w, https:\/\/radiojehona.mk\/wp-content\/uploads\/2024\/11\/Hristijan-Mickoski-300x200.jpg 300w, https:\/\/radiojehona.mk\/wp-content\/uploads\/2024\/11\/Hristijan-Mickoski-768x512.jpg 768w\" sizes=\"(max-width: 780px) 100vw, 780px\" \/><\/figure>\n\n\n\n<p>Kryeministri Hristijan Mickoski thekson se \u00ebsht\u00eb i gatsh\u00ebm n\u00eb \u00e7do koh\u00eb t\u00eb bisedoj\u00eb me cilindo aktor politik q\u00eb ka ndonj\u00eb ide q\u00eb \u00e7on n\u00eb pajtim komb\u00ebtar p\u00ebr interesat strategjike t\u00eb shtetit<\/p>\n\n\n\n<p>Mickoski thekson se \u00ebsht\u00eb mir\u00eb q\u00eb ideja e nj\u00eb strategjie t\u00eb p\u00ebrbashk\u00ebt, t\u00eb cil\u00ebn ai vet\u00eb e b\u00ebri thirrje, dhe m\u00eb pas partneri i koalicionit \u201cZNAM\u201d p\u00ebrmes Platform\u00ebs s\u00eb propozuar, por edhe lideri i opozit\u00ebs Venko Filip\u00e7e duke propozuar nj\u00eb strategji nd\u00ebrpartiake, \u00ebsht\u00eb gjithnj\u00eb e m\u00eb e pranishme dhe e vendosur n\u00eb publik.<\/p>\n\n\n\n<p>Ai n\u00eb intervist\u00ebn e Vitit t\u00eb Ri p\u00ebr AIM-n deri m\u00eb tani nuk ka komunikuar konkretisht me Filip\u00e7en p\u00ebr k\u00ebt\u00eb tem\u00eb, por, si\u00e7 ka treguar, kan\u00eb takime t\u00eb shpeshta dhe shk\u00ebmbejn\u00eb d\u00ebnime, si dhe me politikan\u00eb t\u00eb tjer\u00eb n\u00eb Kuvend derisa jan\u00eb duke u mbajtur pyetjet parlamentare.<\/p>\n\n\n\n<p>\u201cJu kujtoj se n\u00eb fjalimin tim q\u00eb m\u00eb 23 tetor \u2013 Dita e Organizat\u00ebs s\u00eb Brendshme Revolucionare Maqedonase, kam b\u00ebr\u00eb thirrje p\u00ebr k\u00ebt\u00eb lloj bashkimi q\u00eb do t\u00eb kulmoj\u00eb me bashk\u00ebpunimin e p\u00ebrbashk\u00ebt t\u00eb aktor\u00ebve politik\u00eb dhe Akademis\u00eb s\u00eb Shkencave dhe Arteve t\u00eb Maqedonis\u00eb t\u00eb krijojm\u00eb nj\u00eb strategji afatgjat\u00eb p\u00ebr disa dekada p\u00ebrpara, n\u00eb m\u00ebnyr\u00eb q\u00eb t\u00eb dim\u00eb se \u00e7far\u00eb duhet t\u00eb b\u00ebjm\u00eb dhe ku duhet t\u00eb synojm\u00eb si vend. \u00cbsht\u00eb mir\u00eb q\u00eb kjo \u00ebsht\u00eb gjithnj\u00eb e m\u00eb e pranishme n\u00eb opinion, \u00ebsht\u00eb mir\u00eb q\u00eb z\u00eb nj\u00eb themel, ka rr\u00ebnj\u00ebn e vet dhe \u00ebsht\u00eb mir\u00eb q\u00eb t\u00eb ket\u00eb debate t\u00eb tilla n\u00eb t\u00eb cilat do t\u00eb kemi bashkim komb\u00ebtar dhe e mir\u00ebpres at\u00eb. Natyrisht, un\u00eb jam gjithmon\u00eb i gatsh\u00ebm t\u00eb bisedoj me k\u00ebdo q\u00eb ka ndonj\u00eb ide apo propozim q\u00eb n\u00ebnkupton pajtim komb\u00ebtar, q\u00eb t\u00eb mos i kemi ato dallime t\u00eb p\u00ebrditshme ad hominem politike\u201d, theksoi Mickoski.<\/p>\n","protected":false},"excerpt":{"rendered":"<p>Kryeministri Hristijan Mickoski thekson se &euml;sht&euml; i gatsh&euml;m n&euml; &ccedil;do koh&euml; t&euml; bisedoj&euml; me cilindo aktor politik q&euml; ka ndonj&euml; ide q&euml; &ccedil;on n&euml; pajtim komb&euml;tar p&euml;r interesat strategjike t&euml; shtetit Mickoski thekson se &euml;sht&euml; mir&euml; q&euml; ideja e nj&euml; strategjie t&euml; p&euml;rbashk&euml;t, t&euml; cil&euml;n ai vet&euml; e b&euml;ri thirrje, dhe m&euml; pas partneri i [&hellip;]<\/p>\n","protected":false},"author":2,"featured_media":37241,"comment_status":"open","ping_status":"closed","sticky":false,"template":"","format":"standard","meta":{"_monsterinsights_skip_tracking":false,"_monsterinsights_sitenote_active":false,"_monsterinsights_sitenote_note":"","_monsterinsights_sitenote_category":0,"footnotes":""},"categories":[1],"tags":[],"class_list":["post-39685","post","type-post","status-publish","format-standard","has-post-thumbnail","hentry","category-vendi"],"_links":{"self":[{"href":"https:\/\/radiojehona.mk\/index.php?rest_route=\/wp\/v2\/posts\/39685","targetHints":{"allow":["GET"]}}],"collection":[{"href":"https:\/\/radiojehona.mk\/index.php?rest_route=\/wp\/v2\/posts"}],"about":[{"href":"https:\/\/radiojehona.mk\/index.php?rest_route=\/wp\/v2\/types\/post"}],"author":[{"embeddable":true,"href":"https:\/\/radiojehona.mk\/index.php?rest_route=\/wp\/v2\/users\/2"}],"replies":[{"embeddable":true,"href":"https:\/\/radiojehona.mk\/index.php?rest_route=%2Fwp%2Fv2%2Fcomments&post=39685"}],"version-history":[{"count":2,"href":"https:\/\/radiojehona.mk\/index.php?rest_route=\/wp\/v2\/posts\/39685\/revisions"}],"predecessor-version":[{"id":39687,"href":"https:\/\/radiojehona.mk\/index.php?rest_route=\/wp\/v2\/posts\/39685\/revisions\/39687"}],"wp:featuredmedia":[{"embeddable":true,"href":"https:\/\/radiojehona.mk\/index.php?rest_route=\/wp\/v2\/media\/37241"}],"wp:attachment":[{"href":"https:\/\/radiojehona.mk\/index.php?rest_route=%2Fwp%2Fv2%2Fmedia&parent=39685"}],"wp:term":[{"taxonomy":"category","embeddable":true,"href":"https:\/\/radiojehona.mk\/index.php?rest_route=%2Fwp%2Fv2%2Fcategories&post=39685"},{"taxonomy":"post_tag","embeddable":true,"href":"https:\/\/radiojehona.mk\/index.php?rest_route=%2Fwp%2Fv2%2Ftags&post=39685"}],"curies":[{"name":"wp","href":"https:\/\/api.w.org\/{rel}","templated":true}]}}