{"id":39681,"date":"2025-01-02T10:53:28","date_gmt":"2025-01-02T10:53:28","guid":{"rendered":"https:\/\/radiojehona.com\/?p=39681"},"modified":"2025-01-02T10:53:29","modified_gmt":"2025-01-02T10:53:29","slug":"ne-tetove-kapen-te-arratisurit-nga-burgu","status":"publish","type":"post","link":"https:\/\/radiojehona.mk\/?p=39681","title":{"rendered":"N\u00eb Tetov\u00eb, kapen t\u00eb arratisurit nga burgu"},"content":{"rendered":"\n<figure class=\"wp-block-image size-large\"><img fetchpriority=\"high\" decoding=\"async\" width=\"1024\" height=\"539\" src=\"https:\/\/radiojehona.com\/wp-content\/uploads\/2025\/01\/IMG_0240-1024x539.jpeg\" alt=\"\" class=\"wp-image-39682\" srcset=\"https:\/\/radiojehona.mk\/wp-content\/uploads\/2025\/01\/IMG_0240-1024x539.jpeg 1024w, https:\/\/radiojehona.mk\/wp-content\/uploads\/2025\/01\/IMG_0240-300x158.jpeg 300w, https:\/\/radiojehona.mk\/wp-content\/uploads\/2025\/01\/IMG_0240-768x404.jpeg 768w, https:\/\/radiojehona.mk\/wp-content\/uploads\/2025\/01\/IMG_0240.jpeg 1125w\" sizes=\"(max-width: 1024px) 100vw, 1024px\" \/><\/figure>\n\n\n\n<p>Policia m\u00ebngjesin e sot\u00ebm rreth or\u00ebs 2 n\u00eb Tetov\u00eb ka privuar nga liria E.Z. (24) dhe A.O. (24), t\u00eb dy nga fshati G\u00ebr\u00e7ec, Shkup, t\u00eb cil\u00ebt ishin t\u00eb k\u00ebrkuar me urdh\u00ebr t\u00eb Gjykat\u00ebs Themelore Shkup 1 p\u00ebr arratisje nga INK Burgu Shkup.<\/p>\n\n\n\n<p>Si\u00e7 informon MPB, E.Z. \u00ebsht\u00eb d\u00ebnuar me pes\u00eb vjet burg, nd\u00ebrsa A.O. me tre vjet burgim.<\/p>\n\n\n\n<p>Personat do t\u2019i dor\u00ebzohen institucionit nd\u00ebshkues-korrektues kompetent.<\/p>\n","protected":false},"excerpt":{"rendered":"<p>Policia m&euml;ngjesin e sot&euml;m rreth or&euml;s 2 n&euml; Tetov&euml; ka privuar nga liria E.Z. (24) dhe A.O. (24), t&euml; dy nga fshati G&euml;r&ccedil;ec, Shkup, t&euml; cil&euml;t ishin t&euml; k&euml;rkuar me urdh&euml;r t&euml; Gjykat&euml;s Themelore Shkup 1 p&euml;r arratisje nga INK Burgu Shkup. Si&ccedil; informon MPB, E.Z. &euml;sht&euml; d&euml;nuar me pes&euml; vjet burg, nd&euml;rsa A.O. me [&hellip;]<\/p>\n","protected":false},"author":2,"featured_media":39682,"comment_status":"open","ping_status":"closed","sticky":false,"template":"","format":"standard","meta":{"_monsterinsights_skip_tracking":false,"_monsterinsights_sitenote_active":false,"_monsterinsights_sitenote_note":"","_monsterinsights_sitenote_category":0,"footnotes":""},"categories":[1],"tags":[],"class_list":["post-39681","post","type-post","status-publish","format-standard","has-post-thumbnail","hentry","category-vendi"],"_links":{"self":[{"href":"https:\/\/radiojehona.mk\/index.php?rest_route=\/wp\/v2\/posts\/39681","targetHints":{"allow":["GET"]}}],"collection":[{"href":"https:\/\/radiojehona.mk\/index.php?rest_route=\/wp\/v2\/posts"}],"about":[{"href":"https:\/\/radiojehona.mk\/index.php?rest_route=\/wp\/v2\/types\/post"}],"author":[{"embeddable":true,"href":"https:\/\/radiojehona.mk\/index.php?rest_route=\/wp\/v2\/users\/2"}],"replies":[{"embeddable":true,"href":"https:\/\/radiojehona.mk\/index.php?rest_route=%2Fwp%2Fv2%2Fcomments&post=39681"}],"version-history":[{"count":2,"href":"https:\/\/radiojehona.mk\/index.php?rest_route=\/wp\/v2\/posts\/39681\/revisions"}],"predecessor-version":[{"id":39684,"href":"https:\/\/radiojehona.mk\/index.php?rest_route=\/wp\/v2\/posts\/39681\/revisions\/39684"}],"wp:featuredmedia":[{"embeddable":true,"href":"https:\/\/radiojehona.mk\/index.php?rest_route=\/wp\/v2\/media\/39682"}],"wp:attachment":[{"href":"https:\/\/radiojehona.mk\/index.php?rest_route=%2Fwp%2Fv2%2Fmedia&parent=39681"}],"wp:term":[{"taxonomy":"category","embeddable":true,"href":"https:\/\/radiojehona.mk\/index.php?rest_route=%2Fwp%2Fv2%2Fcategories&post=39681"},{"taxonomy":"post_tag","embeddable":true,"href":"https:\/\/radiojehona.mk\/index.php?rest_route=%2Fwp%2Fv2%2Ftags&post=39681"}],"curies":[{"name":"wp","href":"https:\/\/api.w.org\/{rel}","templated":true}]}}