{"id":39678,"date":"2025-01-02T10:39:07","date_gmt":"2025-01-02T10:39:07","guid":{"rendered":"https:\/\/radiojehona.com\/?p=39678"},"modified":"2025-01-02T10:39:08","modified_gmt":"2025-01-02T10:39:08","slug":"aksident-ne-shkup-humb-jeten-nje-grua","status":"publish","type":"post","link":"https:\/\/radiojehona.mk\/?p=39678","title":{"rendered":"Aksident n\u00eb Shkup, humb jet\u00ebn nj\u00eb grua"},"content":{"rendered":"\n<figure class=\"wp-block-image size-full\"><img fetchpriority=\"high\" decoding=\"async\" width=\"725\" height=\"375\" src=\"https:\/\/radiojehona.com\/wp-content\/uploads\/2024\/11\/Policia-.jpg\" alt=\"\" class=\"wp-image-37694\" srcset=\"https:\/\/radiojehona.mk\/wp-content\/uploads\/2024\/11\/Policia-.jpg 725w, https:\/\/radiojehona.mk\/wp-content\/uploads\/2024\/11\/Policia--300x155.jpg 300w\" sizes=\"(max-width: 725px) 100vw, 725px\" \/><\/figure>\n\n\n\n<p>Prokuroria Themelore e Shkupit njofton se mbr\u00ebm\u00eb ka ndodhur nj\u00eb aksident n\u00eb qarkoren e Shkupit, n\u00eb t\u00eb cil\u00ebn ka humbur jet\u00eb nj\u00eb person.<\/p>\n\n\n\n<p><em>\u201cProkurori publik kujdestar nga Prokuroria Themelore Publike Shkup, s\u00eb bashku me ekipet hetimore t\u00eb MPB-s\u00eb, mbr\u00ebm\u00eb kan\u00eb kontrolluar vendin e ngjarjes s\u00eb ndodhur n\u00eb qarkoren e Shkupit, n\u00eb t\u00eb cil\u00ebn ka humbur jet\u00ebn nj\u00eb person.<\/em><\/p>\n\n\n\n<p><em>Po p\u00ebrcaktohen shkaqet dhe rrethanat e sakta n\u00eb t\u00eb cilat ka ndodhur ngjarja, por sipas informacioneve fillestare, e ndjera \u00ebsht\u00eb nj\u00eb fem\u00ebr, e cila ose ka qen\u00eb duke ecur n\u00eb autostrad\u00eb ose ka r\u00ebn\u00eb nga mbikalimi n\u00eb rrug\u00eb. N\u00eb at\u00eb moment, n\u00eb kushtet e nat\u00ebs me dukshm\u00ebri t\u00eb zvog\u00ebluar n\u00eb rrug\u00eb, nj\u00eb automjet q\u00eb l\u00ebvizte p\u00ebrgjat\u00eb unaz\u00ebs \u00ebsht\u00eb p\u00ebrplasur me t\u00eb. Drejtuesit i vetur\u00ebs menj\u00ebher\u00eb pas aksidentit i \u00ebsht\u00eb b\u00ebr\u00eb alkomatografia dhe nuk \u00ebsht\u00eb konstatuar se ai e drejtonte mjetin n\u00ebn ndikimin e alkoolit\u201d, t<\/em>hon\u00eb nga Prokuroria.<\/p>\n\n\n\n<p>Nga atje thon\u00eb se \u00ebsht\u00eb dh\u00ebn\u00eb urdh\u00ebr p\u00ebr autopsi t\u00eb trupit t\u00eb t\u00eb ndjer\u00ebs, jan\u00eb mbledhur gjurm\u00eb dhe prova materiale t\u00eb cilat do t\u2019i n\u00ebnshtrohen ekspertiz\u00ebs. Po intervistohen edhe d\u00ebshmitar\u00ebt okular\u00eb t\u00eb ngjarjes, p\u00ebr t\u00eb zbardhur t\u00eb gjitha rrethanat.<\/p>\n","protected":false},"excerpt":{"rendered":"<p>Prokuroria Themelore e Shkupit njofton se mbr&euml;m&euml; ka ndodhur nj&euml; aksident n&euml; qarkoren e Shkupit, n&euml; t&euml; cil&euml;n ka humbur jet&euml; nj&euml; person. &ldquo;Prokurori publik kujdestar nga Prokuroria Themelore Publike Shkup, s&euml; bashku me ekipet hetimore t&euml; MPB-s&euml;, mbr&euml;m&euml; kan&euml; kontrolluar vendin e ngjarjes s&euml; ndodhur n&euml; qarkoren e Shkupit, n&euml; t&euml; cil&euml;n ka humbur [&hellip;]<\/p>\n","protected":false},"author":2,"featured_media":37694,"comment_status":"open","ping_status":"closed","sticky":false,"template":"","format":"standard","meta":{"_monsterinsights_skip_tracking":false,"_monsterinsights_sitenote_active":false,"_monsterinsights_sitenote_note":"","_monsterinsights_sitenote_category":0,"footnotes":""},"categories":[1],"tags":[],"class_list":["post-39678","post","type-post","status-publish","format-standard","has-post-thumbnail","hentry","category-vendi"],"_links":{"self":[{"href":"https:\/\/radiojehona.mk\/index.php?rest_route=\/wp\/v2\/posts\/39678","targetHints":{"allow":["GET"]}}],"collection":[{"href":"https:\/\/radiojehona.mk\/index.php?rest_route=\/wp\/v2\/posts"}],"about":[{"href":"https:\/\/radiojehona.mk\/index.php?rest_route=\/wp\/v2\/types\/post"}],"author":[{"embeddable":true,"href":"https:\/\/radiojehona.mk\/index.php?rest_route=\/wp\/v2\/users\/2"}],"replies":[{"embeddable":true,"href":"https:\/\/radiojehona.mk\/index.php?rest_route=%2Fwp%2Fv2%2Fcomments&post=39678"}],"version-history":[{"count":2,"href":"https:\/\/radiojehona.mk\/index.php?rest_route=\/wp\/v2\/posts\/39678\/revisions"}],"predecessor-version":[{"id":39680,"href":"https:\/\/radiojehona.mk\/index.php?rest_route=\/wp\/v2\/posts\/39678\/revisions\/39680"}],"wp:featuredmedia":[{"embeddable":true,"href":"https:\/\/radiojehona.mk\/index.php?rest_route=\/wp\/v2\/media\/37694"}],"wp:attachment":[{"href":"https:\/\/radiojehona.mk\/index.php?rest_route=%2Fwp%2Fv2%2Fmedia&parent=39678"}],"wp:term":[{"taxonomy":"category","embeddable":true,"href":"https:\/\/radiojehona.mk\/index.php?rest_route=%2Fwp%2Fv2%2Fcategories&post=39678"},{"taxonomy":"post_tag","embeddable":true,"href":"https:\/\/radiojehona.mk\/index.php?rest_route=%2Fwp%2Fv2%2Ftags&post=39678"}],"curies":[{"name":"wp","href":"https:\/\/api.w.org\/{rel}","templated":true}]}}