{"id":39674,"date":"2025-01-02T10:36:13","date_gmt":"2025-01-02T10:36:13","guid":{"rendered":"https:\/\/radiojehona.com\/?p=39674"},"modified":"2025-01-02T10:36:14","modified_gmt":"2025-01-02T10:36:14","slug":"trafiku-zhvillohet-ne-kushte-dimerore-mjegull-ne-afersi-te-negotines-dhe-demir-kapise","status":"publish","type":"post","link":"https:\/\/radiojehona.mk\/?p=39674","title":{"rendered":"Trafiku zhvillohet n\u00eb kushte dim\u00ebrore, mjegull n\u00eb af\u00ebrsi t\u00eb Negotin\u00ebs dhe Demir Kapis\u00eb"},"content":{"rendered":"\n<figure class=\"wp-block-image size-large\"><img fetchpriority=\"high\" decoding=\"async\" width=\"1024\" height=\"617\" src=\"https:\/\/radiojehona.com\/wp-content\/uploads\/2025\/01\/IMG_0239-1024x617.jpeg\" alt=\"\" class=\"wp-image-39675\" srcset=\"https:\/\/radiojehona.mk\/wp-content\/uploads\/2025\/01\/IMG_0239-1024x617.jpeg 1024w, https:\/\/radiojehona.mk\/wp-content\/uploads\/2025\/01\/IMG_0239-300x181.jpeg 300w, https:\/\/radiojehona.mk\/wp-content\/uploads\/2025\/01\/IMG_0239-768x463.jpeg 768w, https:\/\/radiojehona.mk\/wp-content\/uploads\/2025\/01\/IMG_0239.jpeg 1125w\" sizes=\"(max-width: 1024px) 100vw, 1024px\" \/><\/figure>\n\n\n\n<p>Komunikacioni n\u00eb rrug\u00ebt shtet\u00ebrore zhvillohet n\u00eb kushte dim\u00ebrore, n\u00eb rrug\u00eb kryesisht t\u00eb thata. Dukshm\u00ebria \u00ebsht\u00eb zvog\u00ebluar p\u00ebr shkak t\u00eb mjegull\u00ebs n\u00eb Negotin\u00eb deri n\u00eb 30 metra dhe n\u00eb Demir Kapi deri n\u00eb 50 metra.<\/p>\n\n\n\n<p>Intensiteti i qarkullimit n\u00eb rrug\u00ebt jasht\u00eb mjediseve urbane \u00ebsht\u00eb mesatar. N\u00eb vendkalimet kufitare nga ana e Maqedonis\u00eb nuk ka m\u00eb vonesa p\u00ebr hyrje dhe dalje nga vendi.<\/p>\n\n\n\n<p>Lidhja Auto Moto e Maqedonis\u00eb (LAMM) rekomandon rregullim t\u00eb shpejt\u00ebsis\u00eb s\u00eb l\u00ebvizjes, respektim t\u00eb sinjalistik\u00ebs n\u00eb komunikacion dhe menaxhim t\u00eb kujdessh\u00ebm t\u00eb automjeteve, ve\u00e7an\u00ebrisht n\u00eb rrug\u00ebt n\u00ebp\u00ebr lugina dhe gryka ku ka mund\u00ebsi p\u00ebr rr\u00ebshqitje t\u00eb dheut. Kjo vlen ve\u00e7an\u00ebrisht p\u00ebr segmentet Katllanov\u00eb \u2013 Veles, Mavrov\u00eb \u2013 Dib\u00ebr \u2013 Strug\u00eb, Vinic\u00eb \u2013 Berov\u00eb dhe Ko\u00e7an \u2013 Dell\u00e7ev\u00eb.\/Alsat-M\/<\/p>\n","protected":false},"excerpt":{"rendered":"<p>Komunikacioni n&euml; rrug&euml;t shtet&euml;rore zhvillohet n&euml; kushte dim&euml;rore, n&euml; rrug&euml; kryesisht t&euml; thata. Dukshm&euml;ria &euml;sht&euml; zvog&euml;luar p&euml;r shkak t&euml; mjegull&euml;s n&euml; Negotin&euml; deri n&euml; 30 metra dhe n&euml; Demir Kapi deri n&euml; 50 metra. Intensiteti i qarkullimit n&euml; rrug&euml;t jasht&euml; mjediseve urbane &euml;sht&euml; mesatar. N&euml; vendkalimet kufitare nga ana e Maqedonis&euml; nuk ka m&euml; vonesa [&hellip;]<\/p>\n","protected":false},"author":2,"featured_media":39675,"comment_status":"open","ping_status":"closed","sticky":false,"template":"","format":"standard","meta":{"_monsterinsights_skip_tracking":false,"_monsterinsights_sitenote_active":false,"_monsterinsights_sitenote_note":"","_monsterinsights_sitenote_category":0,"footnotes":""},"categories":[1],"tags":[],"class_list":["post-39674","post","type-post","status-publish","format-standard","has-post-thumbnail","hentry","category-vendi"],"_links":{"self":[{"href":"https:\/\/radiojehona.mk\/index.php?rest_route=\/wp\/v2\/posts\/39674","targetHints":{"allow":["GET"]}}],"collection":[{"href":"https:\/\/radiojehona.mk\/index.php?rest_route=\/wp\/v2\/posts"}],"about":[{"href":"https:\/\/radiojehona.mk\/index.php?rest_route=\/wp\/v2\/types\/post"}],"author":[{"embeddable":true,"href":"https:\/\/radiojehona.mk\/index.php?rest_route=\/wp\/v2\/users\/2"}],"replies":[{"embeddable":true,"href":"https:\/\/radiojehona.mk\/index.php?rest_route=%2Fwp%2Fv2%2Fcomments&post=39674"}],"version-history":[{"count":2,"href":"https:\/\/radiojehona.mk\/index.php?rest_route=\/wp\/v2\/posts\/39674\/revisions"}],"predecessor-version":[{"id":39677,"href":"https:\/\/radiojehona.mk\/index.php?rest_route=\/wp\/v2\/posts\/39674\/revisions\/39677"}],"wp:featuredmedia":[{"embeddable":true,"href":"https:\/\/radiojehona.mk\/index.php?rest_route=\/wp\/v2\/media\/39675"}],"wp:attachment":[{"href":"https:\/\/radiojehona.mk\/index.php?rest_route=%2Fwp%2Fv2%2Fmedia&parent=39674"}],"wp:term":[{"taxonomy":"category","embeddable":true,"href":"https:\/\/radiojehona.mk\/index.php?rest_route=%2Fwp%2Fv2%2Fcategories&post=39674"},{"taxonomy":"post_tag","embeddable":true,"href":"https:\/\/radiojehona.mk\/index.php?rest_route=%2Fwp%2Fv2%2Ftags&post=39674"}],"curies":[{"name":"wp","href":"https:\/\/api.w.org\/{rel}","templated":true}]}}