{"id":39667,"date":"2025-01-01T21:55:49","date_gmt":"2025-01-01T21:55:49","guid":{"rendered":"https:\/\/radiojehona.com\/?p=39667"},"modified":"2025-01-01T21:55:49","modified_gmt":"2025-01-01T21:55:49","slug":"kaos-ne-gjermani-festimet-me-fishekzjarre-shkaktojne-5-te-vdekur","status":"publish","type":"post","link":"https:\/\/radiojehona.mk\/?p=39667","title":{"rendered":"Kaos n\u00eb Gjermani, festimet me fishekzjarre shkaktojn\u00eb 5 t\u00eb vdekur"},"content":{"rendered":"\n<figure class=\"wp-block-image size-large\"><img fetchpriority=\"high\" decoding=\"async\" width=\"1024\" height=\"681\" src=\"https:\/\/radiojehona.com\/wp-content\/uploads\/2025\/01\/IMG_0235-1024x681.jpeg\" alt=\"\" class=\"wp-image-39668\" srcset=\"https:\/\/radiojehona.mk\/wp-content\/uploads\/2025\/01\/IMG_0235-1024x681.jpeg 1024w, https:\/\/radiojehona.mk\/wp-content\/uploads\/2025\/01\/IMG_0235-300x199.jpeg 300w, https:\/\/radiojehona.mk\/wp-content\/uploads\/2025\/01\/IMG_0235-768x511.jpeg 768w, https:\/\/radiojehona.mk\/wp-content\/uploads\/2025\/01\/IMG_0235.jpeg 1125w\" sizes=\"(max-width: 1024px) 100vw, 1024px\" \/><\/figure>\n\n\n\n<p><strong>BERLIN&nbsp;<\/strong>\u2013 Pes\u00eb persona vdiq\u00ebn n\u00eb t\u00eb gjith\u00eb Gjermanin\u00eb dhe nj\u00eb oficer policie u plagos r\u00ebnd\u00eb nga aksidentet e lidhura me fishekzjarr\u00ebt e fuqish\u00ebm q\u00eb gjerman\u00ebt i ndez\u00ebn si\u00e7 b\u00ebjn\u00eb n\u00eb m\u00ebnyr\u00eb tradicionale p\u00ebr t\u00eb festuar vitin e ri, tha policia gjermane n\u00eb nj\u00eb num\u00ebrim paraprak.<\/p>\n\n\n\n<p>Gjerman\u00ebt festojn\u00eb vitin e ri me nj\u00eb p\u00ebrdorim ve\u00e7an\u00ebrisht intensiv t\u00eb fishekzjarreve, gj\u00eb q\u00eb nxit nj\u00eb debat t\u00eb p\u00ebrs\u00ebritur p\u00ebr nxjerrjen jasht\u00eb ligjit t\u00eb fishekzjarreve m\u00eb t\u00eb fuqishme, duke pasur parasysh numrin e madh t\u00eb l\u00ebndimeve \u00e7do vit, si dhe ndotjen dhe zhurm\u00ebn q\u00eb ato shkaktojn\u00eb.<\/p>\n\n\n\n<p>Rreth 13 oficer\u00eb u plagos\u00ebn si pasoj\u00eb e aksidenteve nga fishekzjarr\u00ebt e nisura n\u00eb vitin 2025, duke p\u00ebrfshir\u00eb nj\u00eb n m\u00ebnyr\u00eb m\u00eb serioze, tha z\u00ebdh\u00ebn\u00ebsi i policis\u00eb Florian Nath. Rreth 330 persona u arrestuan n\u00eb kryeqytetin Berlin gjat\u00eb nat\u00ebs, tha policia gjermane, duke shtuar se ndryshe nga vitet e m\u00ebparshme, \u201cnuk ka pasur dhun\u00eb apo incidente t\u00eb m\u00ebdha\u201d.<\/p>\n\n\n\n<figure class=\"wp-block-image\"><img decoding=\"async\" src=\"https:\/\/ads.balkanweb.com\/www\/delivery\/lg.php?bannerid=0&amp;campaignid=0&amp;zoneid=489&amp;loc=https%3A%2F%2Fwww.balkanweb.com%2Fkaos-ne-gjermani-festimet-me-fishekzjarre-shkaktojne-5-te-vdekur%2F%23gsc.tab%3D0&amp;referer=https%3A%2F%2Ffax.al%2F&amp;cb=2860ba222b\" alt=\"\"\/><\/figure>\n\n\n\n<p><\/p>\n\n\n\n<p>Pran\u00eb Paderborn n\u00eb rajonin veriper\u00ebndimor t\u00eb North Rhine-Uestphalia, nj\u00eb 24-vje\u00e7ar vdiq pasi i shp\u00ebrtheu nj\u00eb raket\u00eb piroteknike, sipas policis\u00eb lokale, e cila beson se viktima e kishte b\u00ebr\u00eb vet\u00eb pajisjen.<\/p>\n\n\n\n<figure class=\"wp-block-image\"><img decoding=\"async\" src=\"https:\/\/ads.balkanweb.com\/www\/delivery\/lg.php?bannerid=0&amp;campaignid=0&amp;zoneid=616&amp;loc=https%3A%2F%2Fwww.balkanweb.com%2Fkaos-ne-gjermani-festimet-me-fishekzjarre-shkaktojne-5-te-vdekur%2F%23gsc.tab%3D0&amp;referer=https%3A%2F%2Ffax.al%2F&amp;cb=c459cf2b21\" alt=\"\"\/><\/figure>\n\n\n\n<figure class=\"wp-block-image\"><img decoding=\"async\" src=\"https:\/\/ads.balkanweb.com\/www\/delivery\/lg.php?bannerid=0&amp;campaignid=0&amp;zoneid=471&amp;loc=https%3A%2F%2Fwww.balkanweb.com%2Fkaos-ne-gjermani-festimet-me-fishekzjarre-shkaktojne-5-te-vdekur%2F%23gsc.tab%3D0&amp;referer=https%3A%2F%2Ffax.al%2F&amp;cb=6954147ed3\" alt=\"\"\/><\/figure>\n\n\n\n<figure class=\"wp-block-image\"><img decoding=\"async\" src=\"https:\/\/ads.balkanweb.com\/www\/delivery\/lg.php?bannerid=0&amp;campaignid=0&amp;zoneid=629&amp;loc=https%3A%2F%2Fwww.balkanweb.com%2Fkaos-ne-gjermani-festimet-me-fishekzjarre-shkaktojne-5-te-vdekur%2F%23gsc.tab%3D0&amp;referer=https%3A%2F%2Ffax.al%2F&amp;cb=2546cfbcd5\" alt=\"\"\/><\/figure>\n\n\n\n<p>N\u00eb Oschatz t\u00eb Saksonis\u00eb, nj\u00eb 45-vje\u00e7ar vdiq nga l\u00ebndimet e r\u00ebnda n\u00eb kok\u00eb, kur i vuri zjarrin nj\u00eb \u201cbombe piroteknike\u201d. Sipas policis\u00eb, b\u00ebhej fjal\u00eb p\u00ebr nj\u00eb fishekzjarr\u00ebt\u00eb fuqish\u00ebm t\u00eb kategoris\u00eb F4, e cila k\u00ebrkon nj\u00eb leje t\u00eb ve\u00e7ant\u00eb p\u00ebr blerje.<\/p>\n\n\n\n<p>N\u00eb t\u00eb nj\u00ebjtin rajon lindor t\u00eb Saksonis\u00eb, nj\u00eb burr\u00eb 50-vje\u00e7ar vdiq n\u00eb vend nga l\u00ebndimet n\u00eb kok\u00eb n\u00eb qytetin e Hartha kur u p\u00ebrpoq t\u00eb shp\u00ebrthente nj\u00eb bomb\u00eb me tub piroteknik, tha nj\u00eb z\u00ebdh\u00ebn\u00ebs i policis\u00eb. Pran\u00eb Hamburgut n\u00eb veri, nj\u00eb 20-vje\u00e7ar vdiq duke ndezur nj\u00eb fishekzjarre piroteknike.<\/p>\n\n\n\n<figure class=\"wp-block-image\"><img decoding=\"async\" src=\"https:\/\/ads.balkanweb.com\/www\/delivery\/lg.php?bannerid=0&amp;campaignid=0&amp;zoneid=473&amp;loc=https%3A%2F%2Fwww.balkanweb.com%2Fkaos-ne-gjermani-festimet-me-fishekzjarre-shkaktojne-5-te-vdekur%2F%23gsc.tab%3D0&amp;referer=https%3A%2F%2Ffax.al%2F&amp;cb=4c0fcbd1d6\" alt=\"\"\/><\/figure>\n\n\n\n<p>N\u00eb fund, n\u00eb Kremen af\u00ebr Berlinit, nj\u00eb burr\u00eb vdiq nga nj\u00eb \u201cmanipulim i pap\u00ebrshtatsh\u00ebm\u201d i mjeteve piroteknike, sipas policis\u00eb lokale. Tre persona t\u00eb tjer\u00eb n\u00eb rajon u plagos\u00ebn r\u00ebnd\u00eb n\u00eb rrethana t\u00eb ngjashme.&nbsp;<a href=\"https:\/\/www.straitstimes.com\/world\/europe\/five-dead-in-germany-from-new-years-fireworks-accidents\">\/The Stratis Times\/&nbsp;<\/a><\/p>\n","protected":false},"excerpt":{"rendered":"<p>BERLIN&nbsp;&ndash; Pes&euml; persona vdiq&euml;n n&euml; t&euml; gjith&euml; Gjermanin&euml; dhe nj&euml; oficer policie u plagos r&euml;nd&euml; nga aksidentet e lidhura me fishekzjarr&euml;t e fuqish&euml;m q&euml; gjerman&euml;t i ndez&euml;n si&ccedil; b&euml;jn&euml; n&euml; m&euml;nyr&euml; tradicionale p&euml;r t&euml; festuar vitin e ri, tha policia gjermane n&euml; nj&euml; num&euml;rim paraprak. Gjerman&euml;t festojn&euml; vitin e ri me nj&euml; p&euml;rdorim ve&ccedil;an&euml;risht intensiv [&hellip;]<\/p>\n","protected":false},"author":2,"featured_media":39668,"comment_status":"open","ping_status":"closed","sticky":false,"template":"","format":"standard","meta":{"_monsterinsights_skip_tracking":false,"_monsterinsights_sitenote_active":false,"_monsterinsights_sitenote_note":"","_monsterinsights_sitenote_category":0,"footnotes":""},"categories":[569],"tags":[],"class_list":["post-39667","post","type-post","status-publish","format-standard","has-post-thumbnail","hentry","category-bota"],"_links":{"self":[{"href":"https:\/\/radiojehona.mk\/index.php?rest_route=\/wp\/v2\/posts\/39667","targetHints":{"allow":["GET"]}}],"collection":[{"href":"https:\/\/radiojehona.mk\/index.php?rest_route=\/wp\/v2\/posts"}],"about":[{"href":"https:\/\/radiojehona.mk\/index.php?rest_route=\/wp\/v2\/types\/post"}],"author":[{"embeddable":true,"href":"https:\/\/radiojehona.mk\/index.php?rest_route=\/wp\/v2\/users\/2"}],"replies":[{"embeddable":true,"href":"https:\/\/radiojehona.mk\/index.php?rest_route=%2Fwp%2Fv2%2Fcomments&post=39667"}],"version-history":[{"count":1,"href":"https:\/\/radiojehona.mk\/index.php?rest_route=\/wp\/v2\/posts\/39667\/revisions"}],"predecessor-version":[{"id":39669,"href":"https:\/\/radiojehona.mk\/index.php?rest_route=\/wp\/v2\/posts\/39667\/revisions\/39669"}],"wp:featuredmedia":[{"embeddable":true,"href":"https:\/\/radiojehona.mk\/index.php?rest_route=\/wp\/v2\/media\/39668"}],"wp:attachment":[{"href":"https:\/\/radiojehona.mk\/index.php?rest_route=%2Fwp%2Fv2%2Fmedia&parent=39667"}],"wp:term":[{"taxonomy":"category","embeddable":true,"href":"https:\/\/radiojehona.mk\/index.php?rest_route=%2Fwp%2Fv2%2Fcategories&post=39667"},{"taxonomy":"post_tag","embeddable":true,"href":"https:\/\/radiojehona.mk\/index.php?rest_route=%2Fwp%2Fv2%2Ftags&post=39667"}],"curies":[{"name":"wp","href":"https:\/\/api.w.org\/{rel}","templated":true}]}}