{"id":39659,"date":"2025-01-01T21:49:43","date_gmt":"2025-01-01T21:49:43","guid":{"rendered":"https:\/\/radiojehona.com\/?p=39659"},"modified":"2025-01-01T21:49:43","modified_gmt":"2025-01-01T21:49:43","slug":"aksident-i-rende-ne-qarkoren-e-shkupit-nje-person-humb-jeten","status":"publish","type":"post","link":"https:\/\/radiojehona.mk\/?p=39659","title":{"rendered":"Aksident i r\u00ebnd\u00eb n\u00eb qarkoren e Shkupit, nj\u00eb person humb jet\u00ebn"},"content":{"rendered":"\n<figure class=\"wp-block-image size-large\"><img fetchpriority=\"high\" decoding=\"async\" width=\"1024\" height=\"595\" src=\"https:\/\/radiojehona.com\/wp-content\/uploads\/2025\/01\/IMG_0232-1024x595.jpeg\" alt=\"\" class=\"wp-image-39660\" srcset=\"https:\/\/radiojehona.mk\/wp-content\/uploads\/2025\/01\/IMG_0232-1024x595.jpeg 1024w, https:\/\/radiojehona.mk\/wp-content\/uploads\/2025\/01\/IMG_0232-300x174.jpeg 300w, https:\/\/radiojehona.mk\/wp-content\/uploads\/2025\/01\/IMG_0232-768x446.jpeg 768w, https:\/\/radiojehona.mk\/wp-content\/uploads\/2025\/01\/IMG_0232.jpeg 1125w\" sizes=\"(max-width: 1024px) 100vw, 1024px\" \/><\/figure>\n\n\n\n<p>Von\u00eb mbr\u00ebm\u00eb n\u00eb unaz\u00ebn e Shkupit, af\u00ebr fshatit Stajkovc\u00eb, ka ndodhur nj\u00eb aksident i r\u00ebnd\u00eb trafiku.<\/p>\n\n\n\n<figure class=\"wp-block-image\"><img decoding=\"async\" src=\"https:\/\/ads.tetovasot.com\/www\/delivery\/lg.php?bannerid=0&amp;campaignid=0&amp;zoneid=175&amp;loc=https%3A%2F%2Fwww.tetovasot.com%2F2025%2F01%2Faksident-i-rende-ne-qarkoren-e-shkupit-nje-person-humb-jeten%2F&amp;referer=https%3A%2F%2Ffax.al%2F&amp;cb=4ea6267e08\" alt=\"\"\/><\/figure>\n\n\n\n<figure class=\"wp-block-image\"><img decoding=\"async\" src=\"https:\/\/ads.tetovasot.com\/www\/delivery\/lg.php?bannerid=0&amp;campaignid=0&amp;zoneid=176&amp;loc=https%3A%2F%2Fwww.tetovasot.com%2F2025%2F01%2Faksident-i-rende-ne-qarkoren-e-shkupit-nje-person-humb-jeten%2F&amp;referer=https%3A%2F%2Ffax.al%2F&amp;cb=cea6008adb\" alt=\"\"\/><\/figure>\n\n\n\n<p>Sipas informatave t\u00eb para jozyrtare, nj\u00eb person ka humbur jet\u00ebn.<\/p>\n\n\n\n<figure class=\"wp-block-image\"><img decoding=\"async\" src=\"https:\/\/ads.tetovasot.com\/www\/delivery\/lg.php?bannerid=0&amp;campaignid=0&amp;zoneid=212&amp;loc=https%3A%2F%2Fwww.tetovasot.com%2F2025%2F01%2Faksident-i-rende-ne-qarkoren-e-shkupit-nje-person-humb-jeten%2F&amp;referer=https%3A%2F%2Ffax.al%2F&amp;cb=379f68c809\" alt=\"\"\/><\/figure>\n\n\n\n<p>Aktualisht, trafiku n\u00eb k\u00ebt\u00eb pjes\u00eb t\u00eb unaz\u00ebs po zhvillohet me v\u00ebshtir\u00ebsi p\u00ebr shkak t\u00eb aktiviteteve t\u00eb organeve kompetente.<\/p>\n","protected":false},"excerpt":{"rendered":"<p>Von&euml; mbr&euml;m&euml; n&euml; unaz&euml;n e Shkupit, af&euml;r fshatit Stajkovc&euml;, ka ndodhur nj&euml; aksident i r&euml;nd&euml; trafiku. Sipas informatave t&euml; para jozyrtare, nj&euml; person ka humbur jet&euml;n. Aktualisht, trafiku n&euml; k&euml;t&euml; pjes&euml; t&euml; unaz&euml;s po zhvillohet me v&euml;shtir&euml;si p&euml;r shkak t&euml; aktiviteteve t&euml; organeve kompetente.<\/p>\n","protected":false},"author":2,"featured_media":39660,"comment_status":"open","ping_status":"closed","sticky":false,"template":"","format":"standard","meta":{"_monsterinsights_skip_tracking":false,"_monsterinsights_sitenote_active":false,"_monsterinsights_sitenote_note":"","_monsterinsights_sitenote_category":0,"footnotes":""},"categories":[1],"tags":[],"class_list":["post-39659","post","type-post","status-publish","format-standard","has-post-thumbnail","hentry","category-vendi"],"_links":{"self":[{"href":"https:\/\/radiojehona.mk\/index.php?rest_route=\/wp\/v2\/posts\/39659","targetHints":{"allow":["GET"]}}],"collection":[{"href":"https:\/\/radiojehona.mk\/index.php?rest_route=\/wp\/v2\/posts"}],"about":[{"href":"https:\/\/radiojehona.mk\/index.php?rest_route=\/wp\/v2\/types\/post"}],"author":[{"embeddable":true,"href":"https:\/\/radiojehona.mk\/index.php?rest_route=\/wp\/v2\/users\/2"}],"replies":[{"embeddable":true,"href":"https:\/\/radiojehona.mk\/index.php?rest_route=%2Fwp%2Fv2%2Fcomments&post=39659"}],"version-history":[{"count":2,"href":"https:\/\/radiojehona.mk\/index.php?rest_route=\/wp\/v2\/posts\/39659\/revisions"}],"predecessor-version":[{"id":39662,"href":"https:\/\/radiojehona.mk\/index.php?rest_route=\/wp\/v2\/posts\/39659\/revisions\/39662"}],"wp:featuredmedia":[{"embeddable":true,"href":"https:\/\/radiojehona.mk\/index.php?rest_route=\/wp\/v2\/media\/39660"}],"wp:attachment":[{"href":"https:\/\/radiojehona.mk\/index.php?rest_route=%2Fwp%2Fv2%2Fmedia&parent=39659"}],"wp:term":[{"taxonomy":"category","embeddable":true,"href":"https:\/\/radiojehona.mk\/index.php?rest_route=%2Fwp%2Fv2%2Fcategories&post=39659"},{"taxonomy":"post_tag","embeddable":true,"href":"https:\/\/radiojehona.mk\/index.php?rest_route=%2Fwp%2Fv2%2Ftags&post=39659"}],"curies":[{"name":"wp","href":"https:\/\/api.w.org\/{rel}","templated":true}]}}