{"id":39655,"date":"2025-01-01T21:46:39","date_gmt":"2025-01-01T21:46:39","guid":{"rendered":"https:\/\/radiojehona.com\/?p=39655"},"modified":"2025-01-01T21:46:39","modified_gmt":"2025-01-01T21:46:39","slug":"toshkovski-qytetaret-nuk-duhet-te-denohen-per-shkak-te-patent-shofereve","status":"publish","type":"post","link":"https:\/\/radiojehona.mk\/?p=39655","title":{"rendered":"Toshkovski: Qytetar\u00ebt nuk duhet t\u00eb d\u00ebnohen p\u00ebr shkak t\u00eb patent shofer\u00ebve"},"content":{"rendered":"\n<figure class=\"wp-block-image size-large\"><img fetchpriority=\"high\" decoding=\"async\" width=\"1024\" height=\"795\" src=\"https:\/\/radiojehona.com\/wp-content\/uploads\/2025\/01\/IMG_0231-1024x795.jpeg\" alt=\"\" class=\"wp-image-39656\" srcset=\"https:\/\/radiojehona.mk\/wp-content\/uploads\/2025\/01\/IMG_0231-1024x795.jpeg 1024w, https:\/\/radiojehona.mk\/wp-content\/uploads\/2025\/01\/IMG_0231-300x233.jpeg 300w, https:\/\/radiojehona.mk\/wp-content\/uploads\/2025\/01\/IMG_0231-768x596.jpeg 768w, https:\/\/radiojehona.mk\/wp-content\/uploads\/2025\/01\/IMG_0231.jpeg 1125w\" sizes=\"(max-width: 1024px) 100vw, 1024px\" \/><\/figure>\n\n\n\n<p>Qytetar\u00ebt t\u00eb cil\u00ebt nuk i kan\u00eb nd\u00ebrruar patent\u00eb shofer\u00ebt dhe targat t\u00eb cilat tani m\u00eb nuk jan\u00eb t\u00eb vlefshme, t\u00eb mos d\u00ebnohen gjat\u00eb k\u00ebsaj periudhe, deklaroi sot ministri i Pun\u00ebve t\u00eb Brendshme, Pan\u00e7e Toshkovski. Ai u b\u00ebri thirrje punonj\u00ebsve t\u00eb policis\u00eb q\u00eb t\u00eb ken\u00eb parasysh dispozitat ligjore q\u00eb kan\u00eb t\u00eb b\u00ebjn\u00eb me indikacionet dhe paralajm\u00ebrimet.<\/p>\n\n\n\n<p><strong>Pan\u00e7e Toshkovski<\/strong><strong>, minist\u00ebr i pun\u00ebve t\u00eb brendshme:<\/strong><\/p>\n\n\n\n<p><em>\u201cKonsideroj se asnj\u00eb polic i vendit nuk duhet t\u00eb shqiptoj\u00eb gjob\u00eb p\u00ebr k\u00ebt\u00eb lloj kund\u00ebrvajtjeje, sepse qytetari i vendit ton\u00eb nuk duhet t\u00eb paguaj\u00eb para p\u00ebr shkak se n\u00eb t\u00eb kaluar\u00ebn kemi pasur politikan\u00eb t\u00eb paaft\u00eb. Kjo periudh\u00eb duhet t\u00eb kaloj\u00eb n\u00eb veprime parandaluese nga ana e policis\u00eb p\u00ebr t\u00eb respektuar ligjin\u201d.<\/em><\/p>\n\n\n\n<p>Sa i p\u00ebrket let\u00ebrnjoftimeve, Toshkovski ka mohuar shkrimet e nj\u00eb pjese t\u00eb mediave t\u00eb cilat kan\u00eb shkruajtur se edhe k\u00ebto dokumente pushojn\u00eb s\u00eb vlefshmi.<\/p>\n\n\n\n<p><strong>Pan\u00e7e Toshkovski<\/strong><strong>, minist\u00ebr i pun\u00ebve t\u00eb brendshme:<\/strong><\/p>\n\n\n\n<p><em>\u201cT\u00eb gjitha let\u00ebrnjoftimet me nj\u00eb dat\u00eb t\u00eb vlefshme t\u00eb vulosur jan\u00eb t\u00eb vlefshme dhe do t\u00eb vazhdojn\u00eb t\u00eb jen\u00eb t\u00eb vlefshme. As edhe nj\u00eb ndryshim ligjor nuk ka t\u00eb b\u00ebj\u00eb me let\u00ebrnjoftimet, k\u00ebshtu q\u00eb qytetar\u00ebt t\u00eb jen\u00eb t\u00eb qet\u00eb nga ai aspekt\u201d.<\/em><\/p>\n\n\n\n<p>Nga dita e sotme, patentat e shoferit me emrin e vjet\u00ebr t\u00eb shtetit m\u00eb nuk vlejn\u00eb. Nga institucionet kompetente kan\u00eb njoftuar se deri m\u00eb tani jan\u00eb dh\u00ebn\u00eb mbi 800 mij\u00eb patent\u00eb shofer\u00eb me emrin e ri kushtetues t\u00eb shtetit.<\/p>\n","protected":false},"excerpt":{"rendered":"<p>Qytetar&euml;t t&euml; cil&euml;t nuk i kan&euml; nd&euml;rruar patent&euml; shofer&euml;t dhe targat t&euml; cilat tani m&euml; nuk jan&euml; t&euml; vlefshme, t&euml; mos d&euml;nohen gjat&euml; k&euml;saj periudhe, deklaroi sot ministri i Pun&euml;ve t&euml; Brendshme, Pan&ccedil;e Toshkovski. Ai u b&euml;ri thirrje punonj&euml;sve t&euml; policis&euml; q&euml; t&euml; ken&euml; parasysh dispozitat ligjore q&euml; kan&euml; t&euml; b&euml;jn&euml; me indikacionet dhe paralajm&euml;rimet. [&hellip;]<\/p>\n","protected":false},"author":2,"featured_media":39656,"comment_status":"open","ping_status":"closed","sticky":false,"template":"","format":"standard","meta":{"_monsterinsights_skip_tracking":false,"_monsterinsights_sitenote_active":false,"_monsterinsights_sitenote_note":"","_monsterinsights_sitenote_category":0,"footnotes":""},"categories":[1],"tags":[],"class_list":["post-39655","post","type-post","status-publish","format-standard","has-post-thumbnail","hentry","category-vendi"],"_links":{"self":[{"href":"https:\/\/radiojehona.mk\/index.php?rest_route=\/wp\/v2\/posts\/39655","targetHints":{"allow":["GET"]}}],"collection":[{"href":"https:\/\/radiojehona.mk\/index.php?rest_route=\/wp\/v2\/posts"}],"about":[{"href":"https:\/\/radiojehona.mk\/index.php?rest_route=\/wp\/v2\/types\/post"}],"author":[{"embeddable":true,"href":"https:\/\/radiojehona.mk\/index.php?rest_route=\/wp\/v2\/users\/2"}],"replies":[{"embeddable":true,"href":"https:\/\/radiojehona.mk\/index.php?rest_route=%2Fwp%2Fv2%2Fcomments&post=39655"}],"version-history":[{"count":2,"href":"https:\/\/radiojehona.mk\/index.php?rest_route=\/wp\/v2\/posts\/39655\/revisions"}],"predecessor-version":[{"id":39658,"href":"https:\/\/radiojehona.mk\/index.php?rest_route=\/wp\/v2\/posts\/39655\/revisions\/39658"}],"wp:featuredmedia":[{"embeddable":true,"href":"https:\/\/radiojehona.mk\/index.php?rest_route=\/wp\/v2\/media\/39656"}],"wp:attachment":[{"href":"https:\/\/radiojehona.mk\/index.php?rest_route=%2Fwp%2Fv2%2Fmedia&parent=39655"}],"wp:term":[{"taxonomy":"category","embeddable":true,"href":"https:\/\/radiojehona.mk\/index.php?rest_route=%2Fwp%2Fv2%2Fcategories&post=39655"},{"taxonomy":"post_tag","embeddable":true,"href":"https:\/\/radiojehona.mk\/index.php?rest_route=%2Fwp%2Fv2%2Ftags&post=39655"}],"curies":[{"name":"wp","href":"https:\/\/api.w.org\/{rel}","templated":true}]}}