{"id":39651,"date":"2025-01-01T21:43:56","date_gmt":"2025-01-01T21:43:56","guid":{"rendered":"https:\/\/radiojehona.com\/?p=39651"},"modified":"2025-01-01T21:43:56","modified_gmt":"2025-01-01T21:43:56","slug":"u-rrahen-naten-e-vitit-te-ri-shtetasit-e-serbise-arrestohen-ne-maqedoni","status":"publish","type":"post","link":"https:\/\/radiojehona.mk\/?p=39651","title":{"rendered":"U rrah\u00ebn nat\u00ebn e Vitit t\u00eb Ri, shtetasit e Serbis\u00eb arrestohen n\u00eb Maqedoni"},"content":{"rendered":"\n<figure class=\"wp-block-image size-large\"><img fetchpriority=\"high\" decoding=\"async\" width=\"1024\" height=\"584\" src=\"https:\/\/radiojehona.com\/wp-content\/uploads\/2025\/01\/IMG_0230-1024x584.jpeg\" alt=\"\" class=\"wp-image-39652\" srcset=\"https:\/\/radiojehona.mk\/wp-content\/uploads\/2025\/01\/IMG_0230-1024x584.jpeg 1024w, https:\/\/radiojehona.mk\/wp-content\/uploads\/2025\/01\/IMG_0230-300x171.jpeg 300w, https:\/\/radiojehona.mk\/wp-content\/uploads\/2025\/01\/IMG_0230-768x438.jpeg 768w, https:\/\/radiojehona.mk\/wp-content\/uploads\/2025\/01\/IMG_0230.jpeg 1125w\" sizes=\"(max-width: 1024px) 100vw, 1024px\" \/><\/figure>\n\n\n\n<p>Nga Ministria e Pun\u00ebve t\u00eb Brendshme njoftojn\u00eb se nat\u00ebn e Vitit t\u00eb Ri, n\u00eb Oh\u00ebr jan\u00eb arrestuar 4 shtetas t\u00eb Serbis\u00eb, p\u00ebrcjell TV21. T\u00eb nj\u00ebjtit kishin konfrontim fizik mes vete.<\/p>\n\n\n\n<p>\u201cM\u00eb dat\u00eb 01.01.2025, n\u00eb or\u00ebn 01:40, n\u00eb rrug\u00ebn \u201cStiv Naumov\u201d n\u00eb Oh\u00ebr jan\u00eb ndaluar shtetasit serb D.Q (20) nga Panqeva dhe A.K. (26), L.S. (22) dhe L.M.(21), t\u00eb gjith\u00eb nga Vranja, t\u00eb cil\u00ebt paraprakisht para objektit kan\u00eb prishur rendin dhe qet\u00ebsin\u00eb publike me konfrontim fizik mes vete\u201d, thon\u00eb nga MPB.<\/p>\n","protected":false},"excerpt":{"rendered":"<p>Nga Ministria e Pun&euml;ve t&euml; Brendshme njoftojn&euml; se nat&euml;n e Vitit t&euml; Ri, n&euml; Oh&euml;r jan&euml; arrestuar 4 shtetas t&euml; Serbis&euml;, p&euml;rcjell TV21. T&euml; nj&euml;jtit kishin konfrontim fizik mes vete. &ldquo;M&euml; dat&euml; 01.01.2025, n&euml; or&euml;n 01:40, n&euml; rrug&euml;n &ldquo;Stiv Naumov&rdquo; n&euml; Oh&euml;r jan&euml; ndaluar shtetasit serb D.Q (20) nga Panqeva dhe A.K. (26), L.S. (22) [&hellip;]<\/p>\n","protected":false},"author":2,"featured_media":39652,"comment_status":"open","ping_status":"closed","sticky":false,"template":"","format":"standard","meta":{"_monsterinsights_skip_tracking":false,"_monsterinsights_sitenote_active":false,"_monsterinsights_sitenote_note":"","_monsterinsights_sitenote_category":0,"footnotes":""},"categories":[1],"tags":[],"class_list":["post-39651","post","type-post","status-publish","format-standard","has-post-thumbnail","hentry","category-vendi"],"_links":{"self":[{"href":"https:\/\/radiojehona.mk\/index.php?rest_route=\/wp\/v2\/posts\/39651","targetHints":{"allow":["GET"]}}],"collection":[{"href":"https:\/\/radiojehona.mk\/index.php?rest_route=\/wp\/v2\/posts"}],"about":[{"href":"https:\/\/radiojehona.mk\/index.php?rest_route=\/wp\/v2\/types\/post"}],"author":[{"embeddable":true,"href":"https:\/\/radiojehona.mk\/index.php?rest_route=\/wp\/v2\/users\/2"}],"replies":[{"embeddable":true,"href":"https:\/\/radiojehona.mk\/index.php?rest_route=%2Fwp%2Fv2%2Fcomments&post=39651"}],"version-history":[{"count":2,"href":"https:\/\/radiojehona.mk\/index.php?rest_route=\/wp\/v2\/posts\/39651\/revisions"}],"predecessor-version":[{"id":39654,"href":"https:\/\/radiojehona.mk\/index.php?rest_route=\/wp\/v2\/posts\/39651\/revisions\/39654"}],"wp:featuredmedia":[{"embeddable":true,"href":"https:\/\/radiojehona.mk\/index.php?rest_route=\/wp\/v2\/media\/39652"}],"wp:attachment":[{"href":"https:\/\/radiojehona.mk\/index.php?rest_route=%2Fwp%2Fv2%2Fmedia&parent=39651"}],"wp:term":[{"taxonomy":"category","embeddable":true,"href":"https:\/\/radiojehona.mk\/index.php?rest_route=%2Fwp%2Fv2%2Fcategories&post=39651"},{"taxonomy":"post_tag","embeddable":true,"href":"https:\/\/radiojehona.mk\/index.php?rest_route=%2Fwp%2Fv2%2Ftags&post=39651"}],"curies":[{"name":"wp","href":"https:\/\/api.w.org\/{rel}","templated":true}]}}