{"id":39641,"date":"2025-01-01T21:37:06","date_gmt":"2025-01-01T21:37:06","guid":{"rendered":"https:\/\/radiojehona.com\/?p=39641"},"modified":"2025-01-01T21:37:07","modified_gmt":"2025-01-01T21:37:07","slug":"detajet-e-renda-dy-femije-ne-mesin-e-te-vdekurve-ne-masakren-e-cetinjes-humben-jeten-edhe-pronari-i-lokalit-e-familjare-te-autorit-4-persona-ne-spital","status":"publish","type":"post","link":"https:\/\/radiojehona.mk\/?p=39641","title":{"rendered":"Detajet e r\u00ebnda\/ Dy f\u00ebmij\u00eb n\u00eb mesin e t\u00eb vdekurve n\u00eb masakr\u00ebn e Cetinjes, humb\u00ebn jet\u00ebn edhe pronari i lokalit e familjar\u00eb t\u00eb autorit, 4 persona n\u00eb spital"},"content":{"rendered":"\n<figure class=\"wp-block-image size-large\"><img fetchpriority=\"high\" decoding=\"async\" width=\"1024\" height=\"572\" src=\"https:\/\/radiojehona.com\/wp-content\/uploads\/2025\/01\/IMG_0228-1024x572.jpeg\" alt=\"\" class=\"wp-image-39642\" srcset=\"https:\/\/radiojehona.mk\/wp-content\/uploads\/2025\/01\/IMG_0228-1024x572.jpeg 1024w, https:\/\/radiojehona.mk\/wp-content\/uploads\/2025\/01\/IMG_0228-300x167.jpeg 300w, https:\/\/radiojehona.mk\/wp-content\/uploads\/2025\/01\/IMG_0228-768x429.jpeg 768w, https:\/\/radiojehona.mk\/wp-content\/uploads\/2025\/01\/IMG_0228.jpeg 1125w\" sizes=\"(max-width: 1024px) 100vw, 1024px\" \/><\/figure>\n\n\n\n<p>Dy f\u00ebmij\u00eb ishin n\u00eb mesin e t\u00eb vdekurve t\u00eb masakr\u00ebs n\u00eb Cetinje t\u00eb Malit t\u00eb Zi.<\/p>\n\n\n\n<p>Policia \u00ebsht\u00eb n\u00eb k\u00ebrkim t\u00eb Aco Martinovi\u00e7it nga Cetinja, autorit t\u00eb dyshuar t\u00eb ngjarjes, i cili vijon t\u00eb jet\u00eb n\u00eb arrati.<\/p>\n\n\n\n<p>Kat\u00ebr persona t\u00eb cil\u00ebt besohet se jan\u00eb plagosur nga i dyshuari Martinovi\u00e7 ndodhen n\u00eb Qendr\u00ebn Klinike.<\/p>\n\n\n\n<p>Martinovi\u00e7 ka nisur t\u00eb q\u00eblloj\u00eb n\u00eb tavern\u00ebn e lokalit \u201cVelestovo\u201d, af\u00ebr Qendr\u00ebs Sportive.<\/p>\n\n\n\n<p>Media vendase&nbsp;<a href=\"https:\/\/www.vijesti.me\/vijesti\/crna-hronika\/739310\/najmanje-pet-osoba-stradalo-u-pucnjavi-na-cetinju-policija-traga-za-acom-martinovicem\">\u201cVijesti\u201d<\/a>&nbsp;shkruan se n\u00eb at\u00eb lokal ka pasur nj\u00eb p\u00ebrleshje pas s\u00eb cil\u00ebs i dyshuari ka nxjerr\u00eb arm\u00ebn dhe ka q\u00eblluar.<\/p>\n\n\n\n<p>Ministri i Pun\u00ebve t\u00eb Brendshme, Danilo Sharanovi\u00e7, ka njoftuar se n\u00eb tragjedi ka humbur jet\u00ebn edhe pronari i restorantit \u201cVelestovo\u201d dhe disa an\u00ebtar\u00eb t\u00eb familjes s\u00eb tij.<\/p>\n\n\n\n<p>Sharanovi\u00e7 tha gjithashtu se n\u00eb mesin e viktimave ishin edhe an\u00ebtar\u00ebt e familjes s\u00eb Aco Martinovi\u00e7it, i dyshuari kryesor.<\/p>\n\n\n\n<p><em>\u201cT\u00eb gjitha kapacitetet n\u00eb dispozicion t\u00eb administrat\u00ebs policore, n\u00eb krye me drejtorin e Drejtoris\u00eb s\u00eb Policis\u00eb, ndodhen n\u00eb Cetinje me q\u00ebllim arrestimin e t\u00eb dyshuarit p\u00ebr k\u00ebto vrasje, disa persona jan\u00eb vrar\u00eb, duke p\u00ebrfshir\u00eb pronarin e lokalit dhe disa an\u00ebtar\u00eb t\u00eb familjes s\u00eb tij, si dhe an\u00ebtar\u00ebve t\u00eb familjes s\u00eb t\u00eb dyshuarit p\u00ebr vrasje\u201d,<\/em>&nbsp;tha Saranovi\u00e7.<\/p>\n\n\n\n<p><strong>Top Channel<\/strong><\/p>\n","protected":false},"excerpt":{"rendered":"<p>Dy f&euml;mij&euml; ishin n&euml; mesin e t&euml; vdekurve t&euml; masakr&euml;s n&euml; Cetinje t&euml; Malit t&euml; Zi. Policia &euml;sht&euml; n&euml; k&euml;rkim t&euml; Aco Martinovi&ccedil;it nga Cetinja, autorit t&euml; dyshuar t&euml; ngjarjes, i cili vijon t&euml; jet&euml; n&euml; arrati. Kat&euml;r persona t&euml; cil&euml;t besohet se jan&euml; plagosur nga i dyshuari Martinovi&ccedil; ndodhen n&euml; Qendr&euml;n Klinike. Martinovi&ccedil; ka [&hellip;]<\/p>\n","protected":false},"author":2,"featured_media":39642,"comment_status":"open","ping_status":"closed","sticky":false,"template":"","format":"standard","meta":{"_monsterinsights_skip_tracking":false,"_monsterinsights_sitenote_active":false,"_monsterinsights_sitenote_note":"","_monsterinsights_sitenote_category":0,"footnotes":""},"categories":[576],"tags":[],"class_list":["post-39641","post","type-post","status-publish","format-standard","has-post-thumbnail","hentry","category-rajoni"],"_links":{"self":[{"href":"https:\/\/radiojehona.mk\/index.php?rest_route=\/wp\/v2\/posts\/39641","targetHints":{"allow":["GET"]}}],"collection":[{"href":"https:\/\/radiojehona.mk\/index.php?rest_route=\/wp\/v2\/posts"}],"about":[{"href":"https:\/\/radiojehona.mk\/index.php?rest_route=\/wp\/v2\/types\/post"}],"author":[{"embeddable":true,"href":"https:\/\/radiojehona.mk\/index.php?rest_route=\/wp\/v2\/users\/2"}],"replies":[{"embeddable":true,"href":"https:\/\/radiojehona.mk\/index.php?rest_route=%2Fwp%2Fv2%2Fcomments&post=39641"}],"version-history":[{"count":1,"href":"https:\/\/radiojehona.mk\/index.php?rest_route=\/wp\/v2\/posts\/39641\/revisions"}],"predecessor-version":[{"id":39643,"href":"https:\/\/radiojehona.mk\/index.php?rest_route=\/wp\/v2\/posts\/39641\/revisions\/39643"}],"wp:featuredmedia":[{"embeddable":true,"href":"https:\/\/radiojehona.mk\/index.php?rest_route=\/wp\/v2\/media\/39642"}],"wp:attachment":[{"href":"https:\/\/radiojehona.mk\/index.php?rest_route=%2Fwp%2Fv2%2Fmedia&parent=39641"}],"wp:term":[{"taxonomy":"category","embeddable":true,"href":"https:\/\/radiojehona.mk\/index.php?rest_route=%2Fwp%2Fv2%2Fcategories&post=39641"},{"taxonomy":"post_tag","embeddable":true,"href":"https:\/\/radiojehona.mk\/index.php?rest_route=%2Fwp%2Fv2%2Ftags&post=39641"}],"curies":[{"name":"wp","href":"https:\/\/api.w.org\/{rel}","templated":true}]}}