{"id":39637,"date":"2025-01-01T21:34:00","date_gmt":"2025-01-01T21:34:00","guid":{"rendered":"https:\/\/radiojehona.com\/?p=39637"},"modified":"2025-01-01T21:34:00","modified_gmt":"2025-01-01T21:34:00","slug":"disa-te-vrare-nga-te-shtenat-me-arme-zjarri-ne-mal-te-zi","status":"publish","type":"post","link":"https:\/\/radiojehona.mk\/?p=39637","title":{"rendered":"Disa t\u00eb vrar\u00eb nga t\u00eb sht\u00ebnat me arm\u00eb zjarri n\u00eb Mal t\u00eb Zi"},"content":{"rendered":"\n<figure class=\"wp-block-image size-large\"><img fetchpriority=\"high\" decoding=\"async\" width=\"1024\" height=\"787\" src=\"https:\/\/radiojehona.com\/wp-content\/uploads\/2025\/01\/IMG_0227-1024x787.jpeg\" alt=\"\" class=\"wp-image-39638\" srcset=\"https:\/\/radiojehona.mk\/wp-content\/uploads\/2025\/01\/IMG_0227-1024x787.jpeg 1024w, https:\/\/radiojehona.mk\/wp-content\/uploads\/2025\/01\/IMG_0227-300x231.jpeg 300w, https:\/\/radiojehona.mk\/wp-content\/uploads\/2025\/01\/IMG_0227-768x591.jpeg 768w, https:\/\/radiojehona.mk\/wp-content\/uploads\/2025\/01\/IMG_0227.jpeg 1125w\" sizes=\"(max-width: 1024px) 100vw, 1024px\" \/><\/figure>\n\n\n\n<p>Disa persona jan\u00eb vrar\u00eb nga t\u00eb sht\u00ebnat me arm\u00eb zjarri pas nj\u00eb konfrontimi fizik n\u00eb nj\u00eb tavern\u00eb n\u00eb Cetinj\u00eb, n\u00eb Mal t\u00eb Zi, kan\u00eb konfirmuar p\u00ebr \u201cVijestin\u201d disa burime jozyrtare.&nbsp;<\/p>\n\n\n\n<p>Sipas k\u00ebtyre burimeve policia \u00ebsht\u00eb n\u00eb k\u00ebrkim t\u00eb t\u00eb dyshuarit.&nbsp;<\/p>\n\n\n\n<p>Sipas informacioneve nga Drejtoria e Policis\u00eb, vrasja e shum\u00ebfisht\u00eb ka ndodhur pasdite n\u00eb qytetin Bajice.&nbsp;<\/p>\n\n\n\n<p>Raportohet se fillimisht ka ndodhur nj\u00eb sherr n\u00eb nj\u00eb lokal n\u00eb periferi t\u00eb qytetit, pas s\u00eb cilit i dyshuari ka nxjerr\u00eb arm\u00ebn dhe ka q\u00eblluar<\/p>\n\n\n\n<p>Policia u ka apeluar qytetar\u00ebve t\u00eb Cetinj\u00eb q\u00eb t\u00eb jen\u00eb vigjilent\u00eb dhe t\u00eb q\u00ebndrojn\u00eb n\u00eb sht\u00ebpit\u00eb e tyre, nd\u00ebrsa t\u00eb gjitha nj\u00ebsitet policore n\u00eb dispozicion jan\u00eb n\u00eb terren n\u00eb k\u00ebrkim t\u00eb autorit.<\/p>\n","protected":false},"excerpt":{"rendered":"<p>Disa persona jan&euml; vrar&euml; nga t&euml; sht&euml;nat me arm&euml; zjarri pas nj&euml; konfrontimi fizik n&euml; nj&euml; tavern&euml; n&euml; Cetinj&euml;, n&euml; Mal t&euml; Zi, kan&euml; konfirmuar p&euml;r &ldquo;Vijestin&rdquo; disa burime jozyrtare.&nbsp; Sipas k&euml;tyre burimeve policia &euml;sht&euml; n&euml; k&euml;rkim t&euml; t&euml; dyshuarit.&nbsp; Sipas informacioneve nga Drejtoria e Policis&euml;, vrasja e shum&euml;fisht&euml; ka ndodhur pasdite n&euml; qytetin Bajice.&nbsp; [&hellip;]<\/p>\n","protected":false},"author":2,"featured_media":39638,"comment_status":"open","ping_status":"closed","sticky":false,"template":"","format":"standard","meta":{"_monsterinsights_skip_tracking":false,"_monsterinsights_sitenote_active":false,"_monsterinsights_sitenote_note":"","_monsterinsights_sitenote_category":0,"footnotes":""},"categories":[576],"tags":[],"class_list":["post-39637","post","type-post","status-publish","format-standard","has-post-thumbnail","hentry","category-rajoni"],"_links":{"self":[{"href":"https:\/\/radiojehona.mk\/index.php?rest_route=\/wp\/v2\/posts\/39637","targetHints":{"allow":["GET"]}}],"collection":[{"href":"https:\/\/radiojehona.mk\/index.php?rest_route=\/wp\/v2\/posts"}],"about":[{"href":"https:\/\/radiojehona.mk\/index.php?rest_route=\/wp\/v2\/types\/post"}],"author":[{"embeddable":true,"href":"https:\/\/radiojehona.mk\/index.php?rest_route=\/wp\/v2\/users\/2"}],"replies":[{"embeddable":true,"href":"https:\/\/radiojehona.mk\/index.php?rest_route=%2Fwp%2Fv2%2Fcomments&post=39637"}],"version-history":[{"count":2,"href":"https:\/\/radiojehona.mk\/index.php?rest_route=\/wp\/v2\/posts\/39637\/revisions"}],"predecessor-version":[{"id":39640,"href":"https:\/\/radiojehona.mk\/index.php?rest_route=\/wp\/v2\/posts\/39637\/revisions\/39640"}],"wp:featuredmedia":[{"embeddable":true,"href":"https:\/\/radiojehona.mk\/index.php?rest_route=\/wp\/v2\/media\/39638"}],"wp:attachment":[{"href":"https:\/\/radiojehona.mk\/index.php?rest_route=%2Fwp%2Fv2%2Fmedia&parent=39637"}],"wp:term":[{"taxonomy":"category","embeddable":true,"href":"https:\/\/radiojehona.mk\/index.php?rest_route=%2Fwp%2Fv2%2Fcategories&post=39637"},{"taxonomy":"post_tag","embeddable":true,"href":"https:\/\/radiojehona.mk\/index.php?rest_route=%2Fwp%2Fv2%2Ftags&post=39637"}],"curies":[{"name":"wp","href":"https:\/\/api.w.org\/{rel}","templated":true}]}}