{"id":39634,"date":"2024-12-31T14:38:10","date_gmt":"2024-12-31T14:38:10","guid":{"rendered":"https:\/\/radiojehona.com\/?p=39634"},"modified":"2024-12-31T14:38:10","modified_gmt":"2024-12-31T14:38:10","slug":"keto-jane-ditet-jopune-gjate-muajit-janar","status":"publish","type":"post","link":"https:\/\/radiojehona.mk\/?p=39634","title":{"rendered":"K\u00ebto jan\u00eb dit\u00ebt jopune gjat\u00eb muajit janar"},"content":{"rendered":"\n<figure class=\"wp-block-image size-large\"><img fetchpriority=\"high\" decoding=\"async\" width=\"1024\" height=\"601\" src=\"https:\/\/radiojehona.com\/wp-content\/uploads\/2024\/12\/IMG_0200-1024x601.jpeg\" alt=\"\" class=\"wp-image-39635\" srcset=\"https:\/\/radiojehona.mk\/wp-content\/uploads\/2024\/12\/IMG_0200-1024x601.jpeg 1024w, https:\/\/radiojehona.mk\/wp-content\/uploads\/2024\/12\/IMG_0200-300x176.jpeg 300w, https:\/\/radiojehona.mk\/wp-content\/uploads\/2024\/12\/IMG_0200-768x451.jpeg 768w, https:\/\/radiojehona.mk\/wp-content\/uploads\/2024\/12\/IMG_0200.jpeg 1125w\" sizes=\"(max-width: 1024px) 100vw, 1024px\" \/><\/figure>\n\n\n\n<p>Pushimet zakonisht lidhen n\u00ebse bien t\u00eb premten, t\u00eb diel\u00ebn ose t\u00eb h\u00ebn\u00ebn.<br>Por gjat\u00eb k\u00ebtij janari n\u00eb Maqedonin\u00eb e Veriut, dita e par\u00eb jopune n\u00eb vend \u00ebsht\u00eb nes\u00ebr, 1 janar (e m\u00ebrkur\u00eb) dhe \u00ebsht\u00eb dit\u00eb jopune p\u00ebr t\u00eb gjith\u00eb qytetar\u00ebt.<\/p>\n\n\n\n<p>Fundjava e radh\u00ebs e kombinuar fillon n\u00eb prag t\u00eb Krishtlindjeve ortodokse, m\u00eb 6 janar, t\u00eb h\u00ebn\u00ebn, dhe pas k\u00ebsaj, m\u00eb 7 janar (e mart\u00eb), festohen Krishtlindjet ortodokse.<\/p>\n\n\n\n<p>6 janari \u00ebsht\u00eb dit\u00eb jopune vet\u00ebm p\u00ebr besimtar\u00ebt e besimit t\u00eb krishter\u00eb ortodoks, nd\u00ebrsa 7 janari \u2013 Dita e Krishtlindjes Ortodokse \u2013 \u00ebsht\u00eb dit\u00eb jopune p\u00ebr t\u00eb gjith\u00eb qytetar\u00ebt e Maqedonis\u00eb.<\/p>\n","protected":false},"excerpt":{"rendered":"<p>Pushimet zakonisht lidhen n&euml;se bien t&euml; premten, t&euml; diel&euml;n ose t&euml; h&euml;n&euml;n.Por gjat&euml; k&euml;tij janari n&euml; Maqedonin&euml; e Veriut, dita e par&euml; jopune n&euml; vend &euml;sht&euml; nes&euml;r, 1 janar (e m&euml;rkur&euml;) dhe &euml;sht&euml; dit&euml; jopune p&euml;r t&euml; gjith&euml; qytetar&euml;t. Fundjava e radh&euml;s e kombinuar fillon n&euml; prag t&euml; Krishtlindjeve ortodokse, m&euml; 6 janar, t&euml; h&euml;n&euml;n, [&hellip;]<\/p>\n","protected":false},"author":2,"featured_media":39635,"comment_status":"open","ping_status":"closed","sticky":false,"template":"","format":"standard","meta":{"_monsterinsights_skip_tracking":false,"_monsterinsights_sitenote_active":false,"_monsterinsights_sitenote_note":"","_monsterinsights_sitenote_category":0,"footnotes":""},"categories":[1],"tags":[],"class_list":["post-39634","post","type-post","status-publish","format-standard","has-post-thumbnail","hentry","category-vendi"],"_links":{"self":[{"href":"https:\/\/radiojehona.mk\/index.php?rest_route=\/wp\/v2\/posts\/39634","targetHints":{"allow":["GET"]}}],"collection":[{"href":"https:\/\/radiojehona.mk\/index.php?rest_route=\/wp\/v2\/posts"}],"about":[{"href":"https:\/\/radiojehona.mk\/index.php?rest_route=\/wp\/v2\/types\/post"}],"author":[{"embeddable":true,"href":"https:\/\/radiojehona.mk\/index.php?rest_route=\/wp\/v2\/users\/2"}],"replies":[{"embeddable":true,"href":"https:\/\/radiojehona.mk\/index.php?rest_route=%2Fwp%2Fv2%2Fcomments&post=39634"}],"version-history":[{"count":1,"href":"https:\/\/radiojehona.mk\/index.php?rest_route=\/wp\/v2\/posts\/39634\/revisions"}],"predecessor-version":[{"id":39636,"href":"https:\/\/radiojehona.mk\/index.php?rest_route=\/wp\/v2\/posts\/39634\/revisions\/39636"}],"wp:featuredmedia":[{"embeddable":true,"href":"https:\/\/radiojehona.mk\/index.php?rest_route=\/wp\/v2\/media\/39635"}],"wp:attachment":[{"href":"https:\/\/radiojehona.mk\/index.php?rest_route=%2Fwp%2Fv2%2Fmedia&parent=39634"}],"wp:term":[{"taxonomy":"category","embeddable":true,"href":"https:\/\/radiojehona.mk\/index.php?rest_route=%2Fwp%2Fv2%2Fcategories&post=39634"},{"taxonomy":"post_tag","embeddable":true,"href":"https:\/\/radiojehona.mk\/index.php?rest_route=%2Fwp%2Fv2%2Ftags&post=39634"}],"curies":[{"name":"wp","href":"https:\/\/api.w.org\/{rel}","templated":true}]}}