{"id":39630,"date":"2024-12-31T14:34:08","date_gmt":"2024-12-31T14:34:08","guid":{"rendered":"https:\/\/radiojehona.com\/?p=39630"},"modified":"2024-12-31T14:34:08","modified_gmt":"2024-12-31T14:34:08","slug":"siljanovska-davkova-viti-2025-te-jete-vit-i-suksesit-stabilitetit-gezimeve-dhe-endrrave-te-plotesuara","status":"publish","type":"post","link":"https:\/\/radiojehona.mk\/?p=39630","title":{"rendered":"Siljanovska Davkova: Viti 2025 t\u00eb jet\u00eb vit i suksesit, stabilitetit, g\u00ebzimeve dhe \u00ebndrrave t\u00eb plot\u00ebsuara"},"content":{"rendered":"\n<figure class=\"wp-block-image size-large\"><img fetchpriority=\"high\" decoding=\"async\" width=\"1024\" height=\"664\" src=\"https:\/\/radiojehona.com\/wp-content\/uploads\/2024\/12\/IMG_0198-1024x664.jpeg\" alt=\"\" class=\"wp-image-39631\" srcset=\"https:\/\/radiojehona.mk\/wp-content\/uploads\/2024\/12\/IMG_0198-1024x664.jpeg 1024w, https:\/\/radiojehona.mk\/wp-content\/uploads\/2024\/12\/IMG_0198-300x195.jpeg 300w, https:\/\/radiojehona.mk\/wp-content\/uploads\/2024\/12\/IMG_0198-768x498.jpeg 768w, https:\/\/radiojehona.mk\/wp-content\/uploads\/2024\/12\/IMG_0198.jpeg 1125w\" sizes=\"(max-width: 1024px) 100vw, 1024px\" \/><\/figure>\n\n\n\n<p>T\u00eb dashur bashk\u00ebqytetar\u00eb, bashk\u00ebudh\u00ebtar\u00eb n\u00eb rrug\u00ebtimin e p\u00ebrbashk\u00ebt maqedonas, n\u00eb ndarjen ton\u00eb t\u00eb s\u00eb mir\u00ebs dhe t\u00eb keqes, sot \u00ebsht\u00eb ajo dit\u00eb, e gjetur, me superlativat e merituara \u2013 dita m\u00eb e gjat\u00eb, m\u00eb e lumtur, m\u00eb e bukur, dita kur l\u00ebm\u00eb di\u00e7ka si nj\u00eb kujtim t\u00eb s\u00eb kaluar\u00ebs dhe ta marrim me vete shpres\u00ebn p\u00ebr nj\u00eb vit m\u00eb t\u00eb mir\u00eb, thuhet n\u00eb urimin e d\u00ebrguar sot nga presidentja e shtetit, Gordana Siljanovska-Davkova, me rastin e Vitit t\u00eb Ri.<\/p>\n\n\n\n<p>Vitin q\u00eb kalon, thekson ajo, ishim d\u00ebshmitar\u00eb t\u00eb shum\u00eb humbjeve dhe r\u00ebnieve, por edhe t\u00eb sukseseve, humanizmit, ndihm\u00ebs dhe mb\u00ebshtetjes s\u00eb nd\u00ebrsjell\u00eb.<\/p>\n\n\n\n<p>Viti i Ri, thekson n\u00eb urim Siljanovska Davkova, \u00ebsht\u00eb nj\u00eb moment t\u00eb b\u00ebhen shum\u00eb gj\u00ebra n\u00eb atmosfer\u00eb t\u00eb k\u00ebndshme, por edhe nj\u00eb moment t\u00eb kujtohemi se disa njer\u00ebz t\u00eb guximsh\u00ebm kujdesen p\u00ebr mir\u00ebqenien ton\u00eb. Viti i Ri, shton, gjithmon\u00eb zgjon optimiz\u00ebm, shpres\u00eb dhe lind mund\u00ebsi t\u00eb reja.<\/p>\n\n\n\n<p>\u201cSi n\u00eb jet\u00ebn tuaj edhe n\u00eb timen ka ulje-ngritje, por edhe qindra arsye e motive p\u00ebr t\u00eb mos u dor\u00ebzuar. Ne e kemi gjithmon\u00eb detyrimin t\u00eb ecim p\u00ebrpara dhe p\u00ebr t\u00eb mir\u00ebn, p\u00ebr hir t\u00eb vetvetes, p\u00ebr hir t\u00eb f\u00ebmij\u00ebve tan\u00eb dhe p\u00ebr t\u00eb mir\u00ebn e p\u00ebrbashk\u00ebt. Njeriu i men\u00e7ur tha se nj\u00eb deg\u00eb \u00ebsht\u00eb e leht\u00eb p\u00ebr t\u2019u thyer, por kur dhjet\u00eb deg\u00eb bashkohen, \u00ebsht\u00eb e pamundur. Duke jetuar n\u00eb nj\u00eb bot\u00eb me vlera t\u00eb shtremb\u00ebruara, le t\u00eb d\u00ebrgojm\u00eb mesazhe se s\u00eb bashku jemi m\u00eb t\u00eb fort\u00eb dhe m\u00eb t\u00eb lumtur. T\u2019i japim dor\u00ebn t\u00eb pafuqishm\u00ebve, njer\u00ebzve q\u00eb jetojn\u00eb n\u00eb margjina, ata kan\u00eb nevoj\u00eb p\u00ebr ne, por kemi nevoj\u00eb edhe ne p\u00ebr ta. Le t\u00eb nd\u00ebrtojm\u00eb nj\u00eb shoq\u00ebri n\u00eb t\u00eb cil\u00ebn t\u00eb gjith\u00eb do t\u00eb ken\u00eb nj\u00eb shans p\u00ebr nj\u00eb jet\u00eb t\u00eb denj\u00eb dhe dinjitoze, p\u00ebr t\u00eb pambrojturit \u2013 mb\u00ebshtetje dhe p\u00ebr t\u00eb rinjt\u00eb \u2013 frym\u00ebzim, motivim dhe t\u00eb ardhme. Ne kemi nevoj\u00eb t\u00eb madhe p\u00ebr drejt\u00ebsi mjedisore dhe marr\u00ebveshje me natyr\u00ebn, por jo si obligim i imponuar, por si parakusht p\u00ebr nj\u00eb t\u00eb ardhme t\u00eb caktuar\u201d, tha presidentja Siljanovska-Davkova.<\/p>\n\n\n\n<p>Nd\u00ebr t\u00eb tjera ajo shton se si komb kemi t\u00eb drejt\u00eb t\u2019i tregojm\u00eb bot\u00ebs fytyr\u00ebn ton\u00eb t\u00eb v\u00ebrtet\u00eb, t\u00eb tregojm\u00eb historin\u00eb ton\u00eb shekullore, t\u00eb besojm\u00eb n\u00eb \u00ebndrr\u00ebn ton\u00eb maqedonase.<\/p>\n\n\n\n<p>\u201cEdhe si njeri edhe si president besoj se ia vlen t\u00eb luftosh p\u00ebr ligjin, drejt\u00ebsin\u00eb dhe moralin. Duke iu p\u00ebrmbajtur k\u00ebtyre parimeve, vendet e vogla kan\u00eb nj\u00eb shans t\u00eb p\u00ebrballojn\u00eb stuhit\u00eb e m\u00ebdha n\u00eb uj\u00ebrat nd\u00ebrkomb\u00ebtar. P\u00ebr ta mbajtur sht\u00ebpin\u00eb ton\u00eb t\u00eb p\u00ebrbashk\u00ebt si mikprit\u00ebs t\u00eb mir\u00eb. Uroj q\u00eb viti 2025 t\u00eb jet\u00eb vit i sukseseve, stabilitetit, g\u00ebzimeve dhe \u00ebndrrave t\u00eb realizuara. T\u00eb jetojm\u00eb n\u00eb paqe, qet\u00ebsi dhe harmoni me ata q\u00eb i duam dhe q\u00eb na duan\u201d, thekson presidentja e shtetit, Gordana Siljanovska-Davkova, n\u00eb urimin e saj p\u00ebr Vitin e Ri.<\/p>\n","protected":false},"excerpt":{"rendered":"<p>T&euml; dashur bashk&euml;qytetar&euml;, bashk&euml;udh&euml;tar&euml; n&euml; rrug&euml;timin e p&euml;rbashk&euml;t maqedonas, n&euml; ndarjen ton&euml; t&euml; s&euml; mir&euml;s dhe t&euml; keqes, sot &euml;sht&euml; ajo dit&euml;, e gjetur, me superlativat e merituara &ndash; dita m&euml; e gjat&euml;, m&euml; e lumtur, m&euml; e bukur, dita kur l&euml;m&euml; di&ccedil;ka si nj&euml; kujtim t&euml; s&euml; kaluar&euml;s dhe ta marrim me vete shpres&euml;n [&hellip;]<\/p>\n","protected":false},"author":2,"featured_media":39631,"comment_status":"open","ping_status":"closed","sticky":false,"template":"","format":"standard","meta":{"_monsterinsights_skip_tracking":false,"_monsterinsights_sitenote_active":false,"_monsterinsights_sitenote_note":"","_monsterinsights_sitenote_category":0,"footnotes":""},"categories":[1],"tags":[],"class_list":["post-39630","post","type-post","status-publish","format-standard","has-post-thumbnail","hentry","category-vendi"],"_links":{"self":[{"href":"https:\/\/radiojehona.mk\/index.php?rest_route=\/wp\/v2\/posts\/39630","targetHints":{"allow":["GET"]}}],"collection":[{"href":"https:\/\/radiojehona.mk\/index.php?rest_route=\/wp\/v2\/posts"}],"about":[{"href":"https:\/\/radiojehona.mk\/index.php?rest_route=\/wp\/v2\/types\/post"}],"author":[{"embeddable":true,"href":"https:\/\/radiojehona.mk\/index.php?rest_route=\/wp\/v2\/users\/2"}],"replies":[{"embeddable":true,"href":"https:\/\/radiojehona.mk\/index.php?rest_route=%2Fwp%2Fv2%2Fcomments&post=39630"}],"version-history":[{"count":2,"href":"https:\/\/radiojehona.mk\/index.php?rest_route=\/wp\/v2\/posts\/39630\/revisions"}],"predecessor-version":[{"id":39633,"href":"https:\/\/radiojehona.mk\/index.php?rest_route=\/wp\/v2\/posts\/39630\/revisions\/39633"}],"wp:featuredmedia":[{"embeddable":true,"href":"https:\/\/radiojehona.mk\/index.php?rest_route=\/wp\/v2\/media\/39631"}],"wp:attachment":[{"href":"https:\/\/radiojehona.mk\/index.php?rest_route=%2Fwp%2Fv2%2Fmedia&parent=39630"}],"wp:term":[{"taxonomy":"category","embeddable":true,"href":"https:\/\/radiojehona.mk\/index.php?rest_route=%2Fwp%2Fv2%2Fcategories&post=39630"},{"taxonomy":"post_tag","embeddable":true,"href":"https:\/\/radiojehona.mk\/index.php?rest_route=%2Fwp%2Fv2%2Ftags&post=39630"}],"curies":[{"name":"wp","href":"https:\/\/api.w.org\/{rel}","templated":true}]}}