{"id":39621,"date":"2024-12-31T14:28:29","date_gmt":"2024-12-31T14:28:29","guid":{"rendered":"https:\/\/radiojehona.com\/?p=39621"},"modified":"2024-12-31T14:28:29","modified_gmt":"2024-12-31T14:28:29","slug":"ahmeti-hyjme-ne-vitin-2025-me-te-forte-per-te-ndertuar-nje-te-ardhme-me-te-mire","status":"publish","type":"post","link":"https:\/\/radiojehona.mk\/?p=39621","title":{"rendered":"Ahmeti: Hyjm\u00eb n\u00eb vitin 2025, m\u00eb t\u00eb fort\u00eb p\u00ebr t\u00eb nd\u00ebrtuar nj\u00eb t\u00eb ardhme m\u00eb t\u00eb mir\u00eb"},"content":{"rendered":"\n<figure class=\"wp-block-image size-large\"><img fetchpriority=\"high\" decoding=\"async\" width=\"1024\" height=\"622\" src=\"https:\/\/radiojehona.com\/wp-content\/uploads\/2024\/12\/IMG_0196-1024x622.jpeg\" alt=\"\" class=\"wp-image-39622\" srcset=\"https:\/\/radiojehona.mk\/wp-content\/uploads\/2024\/12\/IMG_0196-1024x622.jpeg 1024w, https:\/\/radiojehona.mk\/wp-content\/uploads\/2024\/12\/IMG_0196-300x182.jpeg 300w, https:\/\/radiojehona.mk\/wp-content\/uploads\/2024\/12\/IMG_0196-768x466.jpeg 768w, https:\/\/radiojehona.mk\/wp-content\/uploads\/2024\/12\/IMG_0196.jpeg 1125w\" sizes=\"(max-width: 1024px) 100vw, 1024px\" \/><\/figure>\n\n\n\n<p>Ali Ahmeti ka uruar vitin e ri 2025, duke th\u00ebn\u00eb se viti q\u00eb lam pas nga legjitimiteti u z\u00ebvend\u00ebsua me serviliz\u00ebm.<\/p>\n\n\n\n<p>\u201cT\u00eb dashur qytetar\u00eb,<\/p>\n\n\n\n<p>Viti 2024 ishte nj\u00eb vit i mbushur me arritje, p\u00ebrballje dhe reflektime q\u00eb kan\u00eb form\u00ebsuar vizionin ton\u00eb p\u00ebr t\u00eb ardhmen ton\u00eb m\u00eb t\u00eb ndritur.<\/p>\n\n\n\n<p>Fillimviti sh\u00ebnoi nj\u00eb moment historik dhe nj\u00eb arritje t\u00eb madhe p\u00ebr vendin ton\u00eb: p\u00ebr her\u00eb t\u00eb par\u00eb, u zgjodh nj\u00eb Kryeminist\u00ebr shqiptar.<\/p>\n\n\n\n<p>Ky moment nuk ishte vet\u00ebm nj\u00eb triumf i shqiptar\u00ebve, por edhe i gjith\u00eb<br>qytetar\u00ebve dhe nj\u00eb pasqyrim i maturis\u00eb s\u00eb demokracis\u00eb son\u00eb multietnike, duke d\u00ebshmuar n\u00eb vep\u00ebr se ky \u00ebsht\u00eb vendi yn\u00eb i p\u00ebrbashk\u00ebt, ku t\u00eb gjith\u00eb popujt g\u00ebzojn\u00eb t\u00eb drejta dhe privilegje t\u00eb barabarta.<\/p>\n\n\n\n<p>Po ashtu, zgjedhjet e k\u00ebtij viti, t\u00eb organizuara n\u00eb nj\u00eb frym\u00eb demokratike, p\u00ebrforcuan besimin e qytetar\u00ebve n\u00eb Frontin Evropian, i cili sh\u00ebnoi nj\u00eb fitore t\u00eb madhe dhe pa ekuivoke.<\/p>\n\n\n\n<p>Ky vit, po ashtu, na kujton edhe sfidat dhe padrejt\u00ebsit\u00eb me t\u00eb cilat u p\u00ebrball populli shqiptar.<\/p>\n\n\n\n<p>P\u00ebrfaq\u00ebsimi legjitim u z\u00ebvend\u00ebsua me serviliz\u00ebm dhe instalim t\u00eb individ\u00ebve t\u00eb p\u00ebrzgjedhur nga ata q\u00eb nd\u00ebrtuan t\u00ebr\u00eb kauz\u00ebn e tyre duke luftuar barazin\u00eb.<\/p>\n\n\n\n<p>Muajt q\u00eb lam\u00eb pas kemi par\u00eb p\u00ebrpjekje p\u00ebr t\u00eb sfiduar gjuh\u00ebn shqipe, t\u00eb drejt\u00ebn p\u00ebr vet\u00eb-identifikim dhe mekanizmat e p\u00ebrfaq\u00ebsimit t\u00eb drejt\u00eb e adekuat. K\u00ebto sulme kan\u00eb c\u00ebnuar arritjet e Marr\u00ebveshjes s\u00eb Ohrit, duke hapur plag\u00eb t\u00eb reja n\u00eb marr\u00ebdh\u00ebniet nd\u00ebretnike, duke krijuar paparashikueshm\u00ebri p\u00ebr t\u00eb ardhmen e vendit.<\/p>\n\n\n\n<p>Mir\u00ebpo, pavar\u00ebsisht k\u00ebtyre sfidave e problemeve, hyjm\u00eb n\u00eb vitin 2025, m\u00eb t\u00eb fort\u00eb dhe m\u00eb t\u00eb vendosur p\u00ebr t\u00eb nd\u00ebrtuar nj\u00eb t\u00eb ardhme m\u00eb t\u00eb mir\u00eb dhe m\u00eb t\u00eb drejt\u00eb p\u00ebr t\u00eb gjith\u00eb.<\/p>\n\n\n\n<p>Qoft\u00eb ky vit i unitetit dhe solidaritetit, ku qytetar\u00ebt e t\u00eb gjitha komuniteteve t\u00eb bashkohen n\u00eb nj\u00eb q\u00ebllim t\u00eb p\u00ebrbashk\u00ebt: nj\u00eb shtet evropian, t\u00eb drejt\u00eb dhe t\u00eb p\u00ebrparuar!<\/p>\n\n\n\n<p>Ne jemi t\u00eb bindur se p\u00ebrmes bashk\u00ebpunimit, mir\u00ebkuptimit dhe respektit t\u00eb nd\u00ebrsjell\u00eb, mund t\u00eb sh\u00ebrojm\u00eb plag\u00ebt dhe t\u00eb forcojm\u00eb themelet e nj\u00eb shoq\u00ebrie q\u00eb iu p\u00ebrket t\u00eb gjith\u00ebve.<\/p>\n\n\n\n<p>Shqiptar\u00ebt kan\u00eb d\u00ebshmuar gjithmon\u00eb se jan\u00eb t\u00eb pathyesh\u00ebm p\u00ebrball\u00eb sfidave dhe t\u00eb vendosur p\u00ebr t\u00eb nd\u00ebrtuar nj\u00eb t\u00eb ardhme t\u00eb ndritur p\u00ebr f\u00ebmij\u00ebt tan\u00eb.<br>N\u00eb vitin q\u00eb vjen, do t\u00eb vazhdojm\u00eb t\u00eb luftojm\u00eb p\u00ebr barazi, p\u00ebr zhvillim dhe p\u00ebr nj\u00eb demokraci q\u00eb reflekton vlerat dhe potencialin e t\u00eb gjith\u00eb qytetar\u00ebve tan\u00eb.<\/p>\n\n\n\n<p>Nga zemra, ju uroj nj\u00eb Vit t\u00eb Ri t\u00eb mbushur me sh\u00ebndet, lumturi dhe suksese p\u00ebr ju dhe familjet tuaja. Qoft\u00eb 2025 nj\u00eb vit me m\u00eb shum\u00eb drejt\u00ebsi, dashuri dhe solidaritet p\u00ebr t\u00eb gjith\u00eb!<\/p>\n\n\n\n<p>G\u00ebzuar Vitin e Ri!\u201d \u2013 ka shkruar Ahmeti.<\/p>\n","protected":false},"excerpt":{"rendered":"<p>Ali Ahmeti ka uruar vitin e ri 2025, duke th&euml;n&euml; se viti q&euml; lam pas nga legjitimiteti u z&euml;vend&euml;sua me serviliz&euml;m. &ldquo;T&euml; dashur qytetar&euml;, Viti 2024 ishte nj&euml; vit i mbushur me arritje, p&euml;rballje dhe reflektime q&euml; kan&euml; form&euml;suar vizionin ton&euml; p&euml;r t&euml; ardhmen ton&euml; m&euml; t&euml; ndritur. Fillimviti sh&euml;noi nj&euml; moment historik dhe nj&euml; [&hellip;]<\/p>\n","protected":false},"author":2,"featured_media":39622,"comment_status":"open","ping_status":"closed","sticky":false,"template":"","format":"standard","meta":{"_monsterinsights_skip_tracking":false,"_monsterinsights_sitenote_active":false,"_monsterinsights_sitenote_note":"","_monsterinsights_sitenote_category":0,"footnotes":""},"categories":[1],"tags":[],"class_list":["post-39621","post","type-post","status-publish","format-standard","has-post-thumbnail","hentry","category-vendi"],"_links":{"self":[{"href":"https:\/\/radiojehona.mk\/index.php?rest_route=\/wp\/v2\/posts\/39621","targetHints":{"allow":["GET"]}}],"collection":[{"href":"https:\/\/radiojehona.mk\/index.php?rest_route=\/wp\/v2\/posts"}],"about":[{"href":"https:\/\/radiojehona.mk\/index.php?rest_route=\/wp\/v2\/types\/post"}],"author":[{"embeddable":true,"href":"https:\/\/radiojehona.mk\/index.php?rest_route=\/wp\/v2\/users\/2"}],"replies":[{"embeddable":true,"href":"https:\/\/radiojehona.mk\/index.php?rest_route=%2Fwp%2Fv2%2Fcomments&post=39621"}],"version-history":[{"count":2,"href":"https:\/\/radiojehona.mk\/index.php?rest_route=\/wp\/v2\/posts\/39621\/revisions"}],"predecessor-version":[{"id":39624,"href":"https:\/\/radiojehona.mk\/index.php?rest_route=\/wp\/v2\/posts\/39621\/revisions\/39624"}],"wp:featuredmedia":[{"embeddable":true,"href":"https:\/\/radiojehona.mk\/index.php?rest_route=\/wp\/v2\/media\/39622"}],"wp:attachment":[{"href":"https:\/\/radiojehona.mk\/index.php?rest_route=%2Fwp%2Fv2%2Fmedia&parent=39621"}],"wp:term":[{"taxonomy":"category","embeddable":true,"href":"https:\/\/radiojehona.mk\/index.php?rest_route=%2Fwp%2Fv2%2Fcategories&post=39621"},{"taxonomy":"post_tag","embeddable":true,"href":"https:\/\/radiojehona.mk\/index.php?rest_route=%2Fwp%2Fv2%2Ftags&post=39621"}],"curies":[{"name":"wp","href":"https:\/\/api.w.org\/{rel}","templated":true}]}}