{"id":39617,"date":"2024-12-31T14:24:59","date_gmt":"2024-12-31T14:24:59","guid":{"rendered":"https:\/\/radiojehona.com\/?p=39617"},"modified":"2024-12-31T14:24:59","modified_gmt":"2024-12-31T14:24:59","slug":"fjalimi-i-gashit-per-vitin-e-ri-viti-2025-na-ofron-mundesi-te-punojme-per-shtet-me-te-drejte-dhe-me-te-zhvilluar","status":"publish","type":"post","link":"https:\/\/radiojehona.mk\/?p=39617","title":{"rendered":"Fjalimi i Gashit p\u00ebr vitin e ri: Viti 2025 na ofron mund\u00ebsi t\u00eb punojm\u00eb p\u00ebr shtet m\u00eb t\u00eb drejt\u00eb dhe m\u00eb t\u00eb zhvilluar"},"content":{"rendered":"\n<figure class=\"wp-block-image size-large\"><img fetchpriority=\"high\" decoding=\"async\" width=\"1024\" height=\"589\" src=\"https:\/\/radiojehona.com\/wp-content\/uploads\/2024\/12\/IMG_0195-1024x589.jpeg\" alt=\"\" class=\"wp-image-39618\" srcset=\"https:\/\/radiojehona.mk\/wp-content\/uploads\/2024\/12\/IMG_0195-1024x589.jpeg 1024w, https:\/\/radiojehona.mk\/wp-content\/uploads\/2024\/12\/IMG_0195-300x173.jpeg 300w, https:\/\/radiojehona.mk\/wp-content\/uploads\/2024\/12\/IMG_0195-768x442.jpeg 768w, https:\/\/radiojehona.mk\/wp-content\/uploads\/2024\/12\/IMG_0195.jpeg 1125w\" sizes=\"(max-width: 1024px) 100vw, 1024px\" \/><\/figure>\n\n\n\n<p>Kryetari i Kuvendit, Afrim Gashi me video-fjalim t\u00eb publikuar n\u00eb profilin e tij n\u00eb Fejsbuk ua uroi qytetar\u00ebve Vitin e Ri 2025.<\/p>\n\n\n\n<p>N\u00eb urimin e tij Gashi thekson se viti q\u00eb po l\u00ebm\u00eb pas, ka pasur sfida, por edhe ndryshime thelb\u00ebsore, nd\u00ebrsa viti 2025 \u201cna ofron mund\u00ebsi t\u00eb punojm\u00eb p\u00ebr shtet m\u00eb t\u00eb drejt\u00eb dhe m\u00eb t\u00eb zhvilluar\u201d.<\/p>\n\n\n\n<p>\u201cKur jemi n\u00eb prag t\u00eb nd\u00ebrrimit t\u00eb viteve, ndjej se \u00ebsht\u00eb nj\u00eb moment i p\u00ebrsosur p\u00ebr t\u00eb reflektuar mbi at\u00eb q\u00eb kemi kaluar, si dhe p\u00ebr t\u2019i hapur rrug\u00ebn nj\u00eb viti t\u00eb ri me mund\u00ebsi t\u00eb reja. Viti q\u00eb po l\u00ebm\u00eb pas, ka pasur sfida, por edhe ndryshime thelb\u00ebsore. Kuvendi yn\u00eb, pas rrotacionit politik k\u00ebt\u00eb vit, ka pasur p\u00ebrb\u00ebrje dhe dinamik\u00eb t\u00eb re. Kemi demonstruar angazhim serioz n\u00eb ngritje t\u00eb transparenc\u00ebs dhe n\u00eb diplomaci parlamentare\u201d, thot\u00eb kryetari i Kuvendit.<\/p>\n\n\n\n<p>Viti q\u00eb vjen, na ofron mund\u00ebsin\u00eb t\u00eb punojm\u00eb p\u00ebr nj\u00eb shtet m\u00eb t\u00eb drejt\u00eb dhe m\u00eb t\u00eb zhvilluar, ku \u00e7dokush jeton me dinjitet dhe prosperitet.<\/p>\n\n\n\n<p>\u201cAngazhimi i secilit \u00ebsht\u00eb ky\u00e7 p\u00ebr t\u00eb arritur aspiratat tona t\u00eb p\u00ebrbashk\u00ebta. Prandaj, p\u00ebrtej \u00e7do dallimi, le t\u00eb punojm\u00eb bashk\u00eb p\u00ebr ta b\u00ebr\u00eb realitet k\u00ebt\u00eb shtet ideal me vlerat tona t\u00eb p\u00ebrbashk\u00ebta. S\u00eb fundi, m\u00eb lejoni q\u00eb n\u00eb emrin tim personal, n\u00eb em\u00ebr t\u00eb deputet\u00ebve, dhe n\u00eb em\u00ebr t\u00eb Kuvendit, t\u00eb ju uroj nj\u00eb vit t\u00eb ri me sh\u00ebndet, paqe dhe lumturi, p\u00ebr ju e familjet tuaja!\u201d, tha gashi n\u00eb urim.<\/p>\n","protected":false},"excerpt":{"rendered":"<p>Kryetari i Kuvendit, Afrim Gashi me video-fjalim t&euml; publikuar n&euml; profilin e tij n&euml; Fejsbuk ua uroi qytetar&euml;ve Vitin e Ri 2025. N&euml; urimin e tij Gashi thekson se viti q&euml; po l&euml;m&euml; pas, ka pasur sfida, por edhe ndryshime thelb&euml;sore, nd&euml;rsa viti 2025 &ldquo;na ofron mund&euml;si t&euml; punojm&euml; p&euml;r shtet m&euml; t&euml; drejt&euml; dhe [&hellip;]<\/p>\n","protected":false},"author":2,"featured_media":39618,"comment_status":"open","ping_status":"closed","sticky":false,"template":"","format":"standard","meta":{"_monsterinsights_skip_tracking":false,"_monsterinsights_sitenote_active":false,"_monsterinsights_sitenote_note":"","_monsterinsights_sitenote_category":0,"footnotes":""},"categories":[1],"tags":[],"class_list":["post-39617","post","type-post","status-publish","format-standard","has-post-thumbnail","hentry","category-vendi"],"_links":{"self":[{"href":"https:\/\/radiojehona.mk\/index.php?rest_route=\/wp\/v2\/posts\/39617","targetHints":{"allow":["GET"]}}],"collection":[{"href":"https:\/\/radiojehona.mk\/index.php?rest_route=\/wp\/v2\/posts"}],"about":[{"href":"https:\/\/radiojehona.mk\/index.php?rest_route=\/wp\/v2\/types\/post"}],"author":[{"embeddable":true,"href":"https:\/\/radiojehona.mk\/index.php?rest_route=\/wp\/v2\/users\/2"}],"replies":[{"embeddable":true,"href":"https:\/\/radiojehona.mk\/index.php?rest_route=%2Fwp%2Fv2%2Fcomments&post=39617"}],"version-history":[{"count":2,"href":"https:\/\/radiojehona.mk\/index.php?rest_route=\/wp\/v2\/posts\/39617\/revisions"}],"predecessor-version":[{"id":39620,"href":"https:\/\/radiojehona.mk\/index.php?rest_route=\/wp\/v2\/posts\/39617\/revisions\/39620"}],"wp:featuredmedia":[{"embeddable":true,"href":"https:\/\/radiojehona.mk\/index.php?rest_route=\/wp\/v2\/media\/39618"}],"wp:attachment":[{"href":"https:\/\/radiojehona.mk\/index.php?rest_route=%2Fwp%2Fv2%2Fmedia&parent=39617"}],"wp:term":[{"taxonomy":"category","embeddable":true,"href":"https:\/\/radiojehona.mk\/index.php?rest_route=%2Fwp%2Fv2%2Fcategories&post=39617"},{"taxonomy":"post_tag","embeddable":true,"href":"https:\/\/radiojehona.mk\/index.php?rest_route=%2Fwp%2Fv2%2Ftags&post=39617"}],"curies":[{"name":"wp","href":"https:\/\/api.w.org\/{rel}","templated":true}]}}