{"id":39613,"date":"2024-12-31T14:22:27","date_gmt":"2024-12-31T14:22:27","guid":{"rendered":"https:\/\/radiojehona.com\/?p=39613"},"modified":"2024-12-31T14:22:28","modified_gmt":"2024-12-31T14:22:28","slug":"prej-neser-100-euro-gjobe-nese-vozisni-me-patente-shoferi-me-emrin-e-vjeter-te-shtetit","status":"publish","type":"post","link":"https:\/\/radiojehona.mk\/?p=39613","title":{"rendered":"Prej nes\u00ebr, 100 euro gjob\u00eb n\u00ebse vozisni me patent\u00eb shoferi me emrin e vjet\u00ebr t\u00eb shtetit"},"content":{"rendered":"\n<figure class=\"wp-block-image size-large\"><img fetchpriority=\"high\" decoding=\"async\" width=\"1024\" height=\"711\" src=\"https:\/\/radiojehona.com\/wp-content\/uploads\/2024\/12\/IMG_0194-1024x711.jpeg\" alt=\"\" class=\"wp-image-39614\" srcset=\"https:\/\/radiojehona.mk\/wp-content\/uploads\/2024\/12\/IMG_0194-1024x711.jpeg 1024w, https:\/\/radiojehona.mk\/wp-content\/uploads\/2024\/12\/IMG_0194-300x208.jpeg 300w, https:\/\/radiojehona.mk\/wp-content\/uploads\/2024\/12\/IMG_0194-768x533.jpeg 768w, https:\/\/radiojehona.mk\/wp-content\/uploads\/2024\/12\/IMG_0194.jpeg 1125w\" sizes=\"(max-width: 1024px) 100vw, 1024px\" \/><\/figure>\n\n\n\n<p>Prej nes\u00ebr, 100 euro gjob\u00eb n\u00ebse vozisni me patent\u00eb shoferi me emrin e vjet\u00ebr t\u00eb shtetit<\/p>\n\n\n\n<p>Nga nes\u00ebr, 1 janar, dokumentet personale dhe patentat e shoferit me emrin e vjet\u00ebr t\u00eb shtetit nuk do t\u00eb vlejn\u00eb. Ata q\u00eb kapen me patent\u00eb t\u00eb vjet\u00ebr do t\u00eb nd\u00ebshkohen me nj\u00eb gjob\u00eb prej 100 eurosh. Deri tani jan\u00eb l\u00ebshuar mbi 800 mij\u00eb patenta me emrin e ri kushtetues t\u00eb shtetit. N\u00eb pikat e nd\u00ebrrimit nuk v\u00ebrehet rr\u00ebmuj\u00eb dhe procesi i z\u00ebvend\u00ebsimit po ec\u00ebn pa probleme.<br>Ministria e Pun\u00ebve t\u00eb Brendshme u b\u00ebri thirrje t\u00eb gjith\u00eb qytetar\u00ebve q\u00eb ende nuk i kan\u00eb rinovuar patentat e tyre t\u00eb shoferit, ta b\u00ebjn\u00eb k\u00ebt\u00eb deri n\u00eb afatin e fundit. Ata deklaruan se sh\u00ebrbimet po funksionojn\u00eb me kapacitet t\u00eb plot\u00eb.<\/p>\n","protected":false},"excerpt":{"rendered":"<p>Prej nes&euml;r, 100 euro gjob&euml; n&euml;se vozisni me patent&euml; shoferi me emrin e vjet&euml;r t&euml; shtetit Nga nes&euml;r, 1 janar, dokumentet personale dhe patentat e shoferit me emrin e vjet&euml;r t&euml; shtetit nuk do t&euml; vlejn&euml;. Ata q&euml; kapen me patent&euml; t&euml; vjet&euml;r do t&euml; nd&euml;shkohen me nj&euml; gjob&euml; prej 100 eurosh. Deri tani jan&euml; [&hellip;]<\/p>\n","protected":false},"author":2,"featured_media":39614,"comment_status":"open","ping_status":"closed","sticky":false,"template":"","format":"standard","meta":{"_monsterinsights_skip_tracking":false,"_monsterinsights_sitenote_active":false,"_monsterinsights_sitenote_note":"","_monsterinsights_sitenote_category":0,"footnotes":""},"categories":[1],"tags":[],"class_list":["post-39613","post","type-post","status-publish","format-standard","has-post-thumbnail","hentry","category-vendi"],"_links":{"self":[{"href":"https:\/\/radiojehona.mk\/index.php?rest_route=\/wp\/v2\/posts\/39613","targetHints":{"allow":["GET"]}}],"collection":[{"href":"https:\/\/radiojehona.mk\/index.php?rest_route=\/wp\/v2\/posts"}],"about":[{"href":"https:\/\/radiojehona.mk\/index.php?rest_route=\/wp\/v2\/types\/post"}],"author":[{"embeddable":true,"href":"https:\/\/radiojehona.mk\/index.php?rest_route=\/wp\/v2\/users\/2"}],"replies":[{"embeddable":true,"href":"https:\/\/radiojehona.mk\/index.php?rest_route=%2Fwp%2Fv2%2Fcomments&post=39613"}],"version-history":[{"count":2,"href":"https:\/\/radiojehona.mk\/index.php?rest_route=\/wp\/v2\/posts\/39613\/revisions"}],"predecessor-version":[{"id":39616,"href":"https:\/\/radiojehona.mk\/index.php?rest_route=\/wp\/v2\/posts\/39613\/revisions\/39616"}],"wp:featuredmedia":[{"embeddable":true,"href":"https:\/\/radiojehona.mk\/index.php?rest_route=\/wp\/v2\/media\/39614"}],"wp:attachment":[{"href":"https:\/\/radiojehona.mk\/index.php?rest_route=%2Fwp%2Fv2%2Fmedia&parent=39613"}],"wp:term":[{"taxonomy":"category","embeddable":true,"href":"https:\/\/radiojehona.mk\/index.php?rest_route=%2Fwp%2Fv2%2Fcategories&post=39613"},{"taxonomy":"post_tag","embeddable":true,"href":"https:\/\/radiojehona.mk\/index.php?rest_route=%2Fwp%2Fv2%2Ftags&post=39613"}],"curies":[{"name":"wp","href":"https:\/\/api.w.org\/{rel}","templated":true}]}}