{"id":39608,"date":"2024-12-31T01:13:51","date_gmt":"2024-12-31T01:13:51","guid":{"rendered":"https:\/\/radiojehona.com\/?p=39608"},"modified":"2024-12-31T01:13:52","modified_gmt":"2024-12-31T01:13:52","slug":"foshnjet-e-lindura-ne-2025-do-ti-perkasin-gjenerates-beta","status":"publish","type":"post","link":"https:\/\/radiojehona.mk\/?p=39608","title":{"rendered":"Foshnjet e lindura n\u00eb 2025 do t\u2019i p\u00ebrkasin \u201cGjenerat\u00ebs Beta\u201d"},"content":{"rendered":"\n<figure class=\"wp-block-image size-large\"><img fetchpriority=\"high\" decoding=\"async\" width=\"1024\" height=\"724\" src=\"https:\/\/radiojehona.com\/wp-content\/uploads\/2024\/12\/IMG_0193-1024x724.jpeg\" alt=\"\" class=\"wp-image-39609\" srcset=\"https:\/\/radiojehona.mk\/wp-content\/uploads\/2024\/12\/IMG_0193-1024x724.jpeg 1024w, https:\/\/radiojehona.mk\/wp-content\/uploads\/2024\/12\/IMG_0193-300x212.jpeg 300w, https:\/\/radiojehona.mk\/wp-content\/uploads\/2024\/12\/IMG_0193-768x543.jpeg 768w, https:\/\/radiojehona.mk\/wp-content\/uploads\/2024\/12\/IMG_0193.jpeg 1125w\" sizes=\"(max-width: 1024px) 100vw, 1024px\" \/><\/figure>\n\n\n\n<p>Gjenerata Beta, grupi pas Gjenerat\u00ebs Alfa (2010-2024), do t\u00eb p\u00ebrfshij\u00eb t\u00eb lindurit midis 2025 dhe 2039, sipas \u201cNew York Post\u201d.<\/p>\n\n\n\n<p>Duke filluar zyrtarisht m\u00eb 1 janar 2025, ky brez pritet t\u00eb p\u00ebrb\u00ebj\u00eb 16% t\u00eb popullsis\u00eb globale deri n\u00eb vitin 2035.<\/p>\n\n\n\n<p>Duke u rritur n\u00eb nj\u00eb epok\u00eb t\u00eb avancimit t\u00eb paprecedent\u00eb teknologjik, \u201cBebet Beta\u201d do t\u00eb p\u00ebrjetojn\u00eb transportin autonom, teknologjin\u00eb sh\u00ebndet\u00ebsore t\u00eb veshjes dhe mjediset virtuale si aspekte standarde t\u00eb jet\u00ebs s\u00eb p\u00ebrditshme.<\/p>\n\n\n\n<figure class=\"wp-block-image\"><img decoding=\"async\" src=\"https:\/\/ads.balkanweb.com\/www\/delivery\/lg.php?bannerid=0&amp;campaignid=0&amp;zoneid=489&amp;loc=https%3A%2F%2Fwww.balkanweb.com%2Ffoshnjet-e-lindura-ne-2025-do-ti-perkasin-gjenerates-beta%2F%23gsc.tab%3D0&amp;referer=https%3A%2F%2Ffax.al%2F&amp;cb=1d07872438\" alt=\"\"\/><\/figure>\n\n\n\n<p><\/p>\n\n\n\n<p>Ndryshe nga paraardh\u00ebsit e tyre, ata do t\u00eb jetojn\u00eb n\u00eb nj\u00eb bot\u00eb ku inteligjenca artificiale dhe automatizimi jan\u00eb t\u00eb ngulitura thell\u00eb n\u00eb \u00e7do aspekt t\u00eb shoq\u00ebris\u00eb.<\/p>\n\n\n\n<figure class=\"wp-block-image\"><img decoding=\"async\" src=\"https:\/\/ads.balkanweb.com\/www\/delivery\/lg.php?bannerid=0&amp;campaignid=0&amp;zoneid=616&amp;loc=https%3A%2F%2Fwww.balkanweb.com%2Ffoshnjet-e-lindura-ne-2025-do-ti-perkasin-gjenerates-beta%2F%23gsc.tab%3D0&amp;referer=https%3A%2F%2Ffax.al%2F&amp;cb=ea37ad0050\" alt=\"\"\/><\/figure>\n\n\n\n<figure class=\"wp-block-image\"><img decoding=\"async\" src=\"https:\/\/ads.balkanweb.com\/www\/delivery\/lg.php?bannerid=0&amp;campaignid=0&amp;zoneid=471&amp;loc=https%3A%2F%2Fwww.balkanweb.com%2Ffoshnjet-e-lindura-ne-2025-do-ti-perkasin-gjenerates-beta%2F%23gsc.tab%3D0&amp;referer=https%3A%2F%2Ffax.al%2F&amp;cb=a2d716a23b\" alt=\"\"\/><\/figure>\n\n\n\n<figure class=\"wp-block-image\"><img decoding=\"async\" src=\"https:\/\/ads.balkanweb.com\/www\/delivery\/lg.php?bannerid=0&amp;campaignid=0&amp;zoneid=629&amp;loc=https%3A%2F%2Fwww.balkanweb.com%2Ffoshnjet-e-lindura-ne-2025-do-ti-perkasin-gjenerates-beta%2F%23gsc.tab%3D0&amp;referer=https%3A%2F%2Ffax.al%2F&amp;cb=713ff9f0c9\" alt=\"\"\/><\/figure>\n\n\n\n<p>Gjenerata Z, u zhvillua nga viti 1996 deri n\u00eb 2010 \u2013 nd\u00ebrsa Gjenerata Y, ose millennials, p\u00ebrfshin personat e lindur nga viti 1981 deri n\u00eb 1996.<\/p>\n\n\n\n<p>\u201cGjenerata e re e f\u00ebmij\u00ebve do t\u00eb trash\u00ebgoj\u00eb nj\u00eb bot\u00eb q\u00eb po p\u00ebrballet me sfida t\u00eb m\u00ebdha shoq\u00ebrore\u201d, shkroi n\u00eb nj\u00eb postim studiuesi social Mark McCrindle \u2013 i cili shpiku termin \u201cGjenerata Alfa\u201d.<\/p>\n\n\n\n<figure class=\"wp-block-image\"><img decoding=\"async\" src=\"https:\/\/ads.balkanweb.com\/www\/delivery\/lg.php?bannerid=0&amp;campaignid=0&amp;zoneid=473&amp;loc=https%3A%2F%2Fwww.balkanweb.com%2Ffoshnjet-e-lindura-ne-2025-do-ti-perkasin-gjenerates-beta%2F%23gsc.tab%3D0&amp;referer=https%3A%2F%2Ffax.al%2F&amp;cb=e68f38d7a8\" alt=\"\"\/><\/figure>\n\n\n\n<p>\u201cDeri n\u00eb vitin 2035, Gjenerata Beta do t\u00eb p\u00ebrb\u00ebj\u00eb 16% t\u00eb popullsis\u00eb s\u00eb bot\u00ebs dhe do t\u00eb jetoj\u00eb n\u00eb nj\u00eb bot\u00eb t\u00eb fuqizuar nga inteligjenca artificiale\u201d, tha McCrindle.<\/p>\n\n\n\n<p>\u201cGjenerata Beta do t\u00eb jetoj\u00eb n\u00eb nj\u00eb epok\u00eb ku IA-ja dhe automatizimi do t\u00eb jen\u00eb plot\u00ebsisht prezente n\u00eb jet\u00ebn e p\u00ebrditshme \u2013 nga arsimi dhe vendet e pun\u00ebs te kujdesi sh\u00ebndet\u00ebsor dhe arg\u00ebtimi\u201d, shpjegoi ai.<\/p>\n\n\n\n<p>McCrindle gjithashtu parashikoi q\u00eb prind\u00ebrit e Gjenerat\u00ebs Beta \u2013 t\u00eb cil\u00ebt jan\u00eb kryesisht Genjerata Z \u2013 mund t\u00eb ken\u00eb nj\u00eb qasje t\u00eb ndryshme ndaj p\u00ebrdorimit t\u00eb medieve sociale sesa paraardh\u00ebsit e tyre.<\/p>\n\n\n\n<figure class=\"wp-block-image\"><img decoding=\"async\" src=\"https:\/\/ads.balkanweb.com\/www\/delivery\/lg.php?bannerid=0&amp;campaignid=0&amp;zoneid=476&amp;loc=https%3A%2F%2Fwww.balkanweb.com%2Ffoshnjet-e-lindura-ne-2025-do-ti-perkasin-gjenerates-beta%2F%23gsc.tab%3D0&amp;referer=https%3A%2F%2Ffax.al%2F&amp;cb=37a4ef9324\" alt=\"\"\/><\/figure>\n\n\n\n<p>\u201cPrind\u00ebrit e Genjerat\u00ebs Z kan\u00eb m\u00eb shum\u00eb gjasa t\u00eb pajtohen fuqimisht se kufizimi i koh\u00ebs para ekranit t\u00eb f\u00ebmij\u00ebs s\u00eb tyre \u00ebsht\u00eb nj\u00eb prioritet i lart\u00eb p\u00ebr ta\u201d, shtoi ai.<\/p>\n\n\n\n<p>Studiuesi i gjenerat\u00ebs Jason Dorsey vuri n\u00eb dukje se Gjenerata Beta do t\u00eb lind\u00eb n\u00eb nj\u00eb bot\u00eb post-pandemike, p\u00ebr t\u00eb cil\u00ebn ata do t\u00eb m\u00ebsojn\u00eb n\u00eb klas\u00ebn e historis\u00eb.<\/p>\n\n\n\n<p>\u201cDo t\u00eb jet\u00eb di\u00e7ka q\u00eb ndoshta kan\u00eb kaluar v\u00ebllez\u00ebrit e motrat m\u00eb t\u00eb m\u00ebdhenj, sigurisht di\u00e7ka p\u00ebr t\u00eb cil\u00ebn ata m\u00ebsojn\u00eb n\u00eb histori, por jo di\u00e7ka q\u00eb \u00ebsht\u00eb domosdoshm\u00ebrisht nj\u00eb ngjarje bashk\u00ebkohore\u201d, tha ai.<\/p>\n\n\n\n<p>Kur Gjenerata Beta t\u00eb jet\u00eb mjaft e vjet\u00ebr p\u00ebr t\u00eb votuar, Gjenerata X, ose t\u00eb lindurit nga viti 1965 deri n\u00eb 1980, do t\u00eb jen\u00eb demografik\u00eb n\u00eb pushtet dhe \u00e7\u00ebshtjet kryesore do t\u00eb jen\u00eb tema t\u00eb tilla si p\u00ebrkeq\u00ebsimi i ndryshimit t\u00eb klim\u00ebs.<\/p>\n\n\n\n<p><\/p>\n","protected":false},"excerpt":{"rendered":"<p>Gjenerata Beta, grupi pas Gjenerat&euml;s Alfa (2010-2024), do t&euml; p&euml;rfshij&euml; t&euml; lindurit midis 2025 dhe 2039, sipas &ldquo;New York Post&rdquo;. Duke filluar zyrtarisht m&euml; 1 janar 2025, ky brez pritet t&euml; p&euml;rb&euml;j&euml; 16% t&euml; popullsis&euml; globale deri n&euml; vitin 2035. Duke u rritur n&euml; nj&euml; epok&euml; t&euml; avancimit t&euml; paprecedent&euml; teknologjik, &ldquo;Bebet Beta&rdquo; do t&euml; [&hellip;]<\/p>\n","protected":false},"author":2,"featured_media":39609,"comment_status":"open","ping_status":"closed","sticky":false,"template":"","format":"standard","meta":{"_monsterinsights_skip_tracking":false,"_monsterinsights_sitenote_active":false,"_monsterinsights_sitenote_note":"","_monsterinsights_sitenote_category":0,"footnotes":""},"categories":[573],"tags":[],"class_list":["post-39608","post","type-post","status-publish","format-standard","has-post-thumbnail","hentry","category-lifestyle"],"_links":{"self":[{"href":"https:\/\/radiojehona.mk\/index.php?rest_route=\/wp\/v2\/posts\/39608","targetHints":{"allow":["GET"]}}],"collection":[{"href":"https:\/\/radiojehona.mk\/index.php?rest_route=\/wp\/v2\/posts"}],"about":[{"href":"https:\/\/radiojehona.mk\/index.php?rest_route=\/wp\/v2\/types\/post"}],"author":[{"embeddable":true,"href":"https:\/\/radiojehona.mk\/index.php?rest_route=\/wp\/v2\/users\/2"}],"replies":[{"embeddable":true,"href":"https:\/\/radiojehona.mk\/index.php?rest_route=%2Fwp%2Fv2%2Fcomments&post=39608"}],"version-history":[{"count":2,"href":"https:\/\/radiojehona.mk\/index.php?rest_route=\/wp\/v2\/posts\/39608\/revisions"}],"predecessor-version":[{"id":39611,"href":"https:\/\/radiojehona.mk\/index.php?rest_route=\/wp\/v2\/posts\/39608\/revisions\/39611"}],"wp:featuredmedia":[{"embeddable":true,"href":"https:\/\/radiojehona.mk\/index.php?rest_route=\/wp\/v2\/media\/39609"}],"wp:attachment":[{"href":"https:\/\/radiojehona.mk\/index.php?rest_route=%2Fwp%2Fv2%2Fmedia&parent=39608"}],"wp:term":[{"taxonomy":"category","embeddable":true,"href":"https:\/\/radiojehona.mk\/index.php?rest_route=%2Fwp%2Fv2%2Fcategories&post=39608"},{"taxonomy":"post_tag","embeddable":true,"href":"https:\/\/radiojehona.mk\/index.php?rest_route=%2Fwp%2Fv2%2Ftags&post=39608"}],"curies":[{"name":"wp","href":"https:\/\/api.w.org\/{rel}","templated":true}]}}